{"id":1095,"date":"2020-12-22T09:25:05","date_gmt":"2020-12-22T08:25:05","guid":{"rendered":"https:\/\/develop.immobilienbusiness.ch\/de\/allgemein\/2020-12-22\/basel-fortimo-ubernimmt-parkhaus-auf-dem-baselink-areal\/"},"modified":"2020-12-22T09:25:05","modified_gmt":"2020-12-22T08:25:05","slug":"basel-fortimo-ubernimmt-parkhaus-auf-dem-baselink-areal","status":"publish","type":"post","link":"https:\/\/develop.immobilienbusiness.ch\/en\/ib\/2020-12-22\/basel-fortimo-ubernimmt-parkhaus-auf-dem-baselink-areal\/","title":{"rendered":"Basel: Fortimo \u00fcbernimmt Parkhaus auf dem BaseLink-Areal"},"content":{"rendered":"<p><span><span><span>Der Totalunternehmer habe das Geb\u00e4ude per Ende November an die Fortimo AG \u00fcbergeben, so das Unternehmen. Derzeit laufen noch die letzten Umgebungsarbeiten. Das Parkhaus mit seinen 508 Stellpl\u00e4tzen soll zum 1. Januar 2021 er\u00f6ffnet werden und zuk\u00fcnftig vorwiegend die umliegenden Baufelder des gesamten Areals bedienen. <\/span><\/span><\/span><\/p>\n<p><span><span><span>Wie Fortimo mitteilt, ist es das erste Parkhaus in der Unternehmensgeschichte der Fortimo Invest AG. <\/span><\/span><\/span><\/p>","protected":false},"excerpt":{"rendered":"<p><span><span><span>Die Fortimo AG er\u00f6ffnet Anfang 2021 ein Parkhaus mit \u00fcber 500 Stellpl\u00e4tzen auf dem BaseLink-Areal in Basel.<\/span><\/span><\/span><\/p>","protected":false},"author":23,"featured_media":0,"comment_status":"closed","ping_status":"closed","sticky":false,"template":"","format":"standard","meta":{"_acf_changed":false,"footnotes":""},"categories":[5],"tags":[2,3],"class_list":["post-1095","post","type-post","status-publish","format-standard","hentry","category-ib","tag-bs","tag-fertigstellung"],"acf":[],"_links":{"self":[{"href":"https:\/\/develop.immobilienbusiness.ch\/en\/wp-json\/wp\/v2\/posts\/1095","targetHints":{"allow":["GET"]}}],"collection":[{"href":"https:\/\/develop.immobilienbusiness.ch\/en\/wp-json\/wp\/v2\/posts"}],"about":[{"href":"https:\/\/develop.immobilienbusiness.ch\/en\/wp-json\/wp\/v2\/types\/post"}],"author":[{"embeddable":true,"href":"https:\/\/develop.immobilienbusiness.ch\/en\/wp-json\/wp\/v2\/users\/23"}],"replies":[{"embeddable":true,"href":"https:\/\/develop.immobilienbusiness.ch\/en\/wp-json\/wp\/v2\/comments?post=1095"}],"version-history":[{"count":0,"href":"https:\/\/develop.immobilienbusiness.ch\/en\/wp-json\/wp\/v2\/posts\/1095\/revisions"}],"wp:attachment":[{"href":"https:\/\/develop.immobilienbusiness.ch\/en\/wp-json\/wp\/v2\/media?parent=1095"}],"wp:term":[{"taxonomy":"category","embeddable":true,"href":"https:\/\/develop.immobilienbusiness.ch\/en\/wp-json\/wp\/v2\/categories?post=1095"},{"taxonomy":"post_tag","embeddable":true,"href":"https:\/\/develop.immobilienbusiness.ch\/en\/wp-json\/wp\/v2\/tags?post=1095"}],"curies":[{"name":"wp","href":"https:\/\/api.w.org\/{rel}","templated":true}]}}