{"id":1038,"date":"2020-12-10T05:55:51","date_gmt":"2020-12-10T04:55:51","guid":{"rendered":"https:\/\/develop.immobilienbusiness.ch\/de\/allgemein\/2020-12-10\/zurich-neuer-standort-fur-die-arbeitsintegration-in-der-binz\/"},"modified":"2020-12-10T05:55:51","modified_gmt":"2020-12-10T04:55:51","slug":"zurich-neuer-standort-fur-die-arbeitsintegration-in-der-binz","status":"publish","type":"post","link":"https:\/\/develop.immobilienbusiness.ch\/en\/ib\/2020-12-10\/zurich-neuer-standort-fur-die-arbeitsintegration-in-der-binz\/","title":{"rendered":"Z\u00fcrich: Neuer Standort f\u00fcr die Arbeitsintegration in der Binz"},"content":{"rendered":"<p><span><span>F\u00fcr die Angebote Job Plus, Stellenvermittlung und Office der Arbeitsintegration der Sozialen Einrichtungen und Betriebe (SEB) will die Stadt Z\u00fcrich im 1. Obergeschoss einer Liegenschaft an der R\u00e4ffelstrasse 12 in Z\u00fcrich-Wiedikon zus\u00e4tzliche B\u00fcrofl\u00e4chen anmieten. F\u00fcr die Mitarbeitenden der SEB sowie f\u00fcr die Klientinnen und Klienten seien insgesamt 87 Arbeitspl\u00e4tze plus Besprechungs- und Schulungsr\u00e4ume vorgesehen, teilt die Stadt mit. Neben einiger notwendiger Anpassungen (zum Beispiel Schliessanlagen, Mobiliar, IT-Infrastruktur) k\u00f6nne der bestehende Mieterausbau von der Vormieterin \u00fcbernommen werden. Mit dem Bezug werden an anderen Standorten der SEB Fl\u00e4chen frei, die in der Folge neuen Nutzungen zugef\u00fchrt werden k\u00f6nnen.<\/span><\/span><\/p>\n<p><span><span>Der Stadtrat beantragt dem Gemeinderat einen j\u00e4hrlichen Nettomietzins von 406.120 CHF sowie einen Objektkredit von 3,77 Millionen CHF f\u00fcr bauliche Massnahmen, Ausstattung sowie \u00dcbernahme des bestehenden Mieterausbaus von der Vormieterin. Die Zustimmung des Gemeinderats vorausgesetzt, ist der Bezug der R\u00e4umlichkeiten f\u00fcr Anfang 2022 geplant. Weitere Informationen erteilt Maxie Reimann, Kommunikation, Immobilien Stadt Z\u00fcrich (+41 44 412 40 50, maxie.reimann@zuerich.ch).<\/span><\/span><\/p>","protected":false},"excerpt":{"rendered":"<p><span><span>In einem Gesch\u00e4ftshaus an der R\u00e4ffelstrasse 12 in Z\u00fcrich-Wiedikon sollen B\u00fcrofl\u00e4chen f\u00fcr die Arbeitsintegration der Sozialen Einrichtungen und Betriebe gemietet werden. Der Stadtrat beantragt dem Gemeinderat einen j\u00e4hrlichen Nettomietzins von rund 400.000 CHF.<\/span><\/span><\/p>","protected":false},"author":24,"featured_media":0,"comment_status":"closed","ping_status":"closed","sticky":false,"template":"","format":"standard","meta":{"_acf_changed":false,"footnotes":""},"categories":[5],"tags":[7,17,40,42],"class_list":["post-1038","post","type-post","status-publish","format-standard","hentry","category-ib","tag-buro","tag-verfugbare-flache","tag-vermietung","tag-zh"],"acf":[],"_links":{"self":[{"href":"https:\/\/develop.immobilienbusiness.ch\/en\/wp-json\/wp\/v2\/posts\/1038","targetHints":{"allow":["GET"]}}],"collection":[{"href":"https:\/\/develop.immobilienbusiness.ch\/en\/wp-json\/wp\/v2\/posts"}],"about":[{"href":"https:\/\/develop.immobilienbusiness.ch\/en\/wp-json\/wp\/v2\/types\/post"}],"author":[{"embeddable":true,"href":"https:\/\/develop.immobilienbusiness.ch\/en\/wp-json\/wp\/v2\/users\/24"}],"replies":[{"embeddable":true,"href":"https:\/\/develop.immobilienbusiness.ch\/en\/wp-json\/wp\/v2\/comments?post=1038"}],"version-history":[{"count":0,"href":"https:\/\/develop.immobilienbusiness.ch\/en\/wp-json\/wp\/v2\/posts\/1038\/revisions"}],"wp:attachment":[{"href":"https:\/\/develop.immobilienbusiness.ch\/en\/wp-json\/wp\/v2\/media?parent=1038"}],"wp:term":[{"taxonomy":"category","embeddable":true,"href":"https:\/\/develop.immobilienbusiness.ch\/en\/wp-json\/wp\/v2\/categories?post=1038"},{"taxonomy":"post_tag","embeddable":true,"href":"https:\/\/develop.immobilienbusiness.ch\/en\/wp-json\/wp\/v2\/tags?post=1038"}],"curies":[{"name":"wp","href":"https:\/\/api.w.org\/{rel}","templated":true}]}}