{"id":1025,"date":"2020-12-08T09:11:01","date_gmt":"2020-12-08T08:11:01","guid":{"rendered":"https:\/\/develop.immobilienbusiness.ch\/de\/allgemein\/2020-12-08\/pratteln-ruckbau-auf-dem-rohner-areal-wird-gunstiger-fur-hiag\/"},"modified":"2020-12-08T09:11:01","modified_gmt":"2020-12-08T08:11:01","slug":"pratteln-ruckbau-auf-dem-rohner-areal-wird-gunstiger-fur-hiag","status":"publish","type":"post","link":"https:\/\/develop.immobilienbusiness.ch\/en\/ib\/2020-12-08\/pratteln-ruckbau-auf-dem-rohner-areal-wird-gunstiger-fur-hiag\/","title":{"rendered":"Pratteln: R\u00fcckbau auf dem Rohner-Areal wird g\u00fcnstiger f\u00fcr Hiag"},"content":{"rendered":"<p><span><span><span>Wie die Hiag Immobilien Holding AG mitteilt, sei der Gesamtaufwand f\u00fcr den R\u00fcckbau des Rohner Areals in Pratteln gegen\u00fcber den urspr\u00fcnglichen Erwartungen deutlich gesenkt worden. Dies sei mit operativen Massnahmen und dem Verkauf einer kompletten Produktionsanlage samt Geb\u00e4ude erreicht worden. Der Preis der verkauften Anlage liegt Hiag zufolge im mittleren einstelligen Millionenbereich. Die Anlage wird laut Hiag \u00abvon einer international t\u00e4tigen Chemiefirma\u00bb \u00fcbernommen und an einem Standort in Europa weiterbetrieben. Abbau und Abtransport sollen im zweiten Quartal 2021 abgeschlossen sein.<\/span><\/span><\/span><\/p>\n<p><span><span><span>\u00abDie effektiven R\u00fcckbaukosten werden substanziell unter dem per Ende 2019 zur\u00fcckgestellten Betrag von 30 Millionen CHF liegen\u00bb, so Hiag-Gesch\u00e4ftsleiter Marco Feusi. Zudem werde der Erl\u00f6s aus dem Verkauf der Produktionsanlage das Ergebnis der Gesellschaft in diesem und im n\u00e4chsten Jahr leicht positiv beeinflussen.<\/span><\/span><\/span><\/p>\n<p><span><span><span>Weiter teilt Hiag mit, dass die Arbeiten auf dem 32.000 qm grossen Areal nahe dem Bahnhof von Pratteln nach Plan laufen. Der R\u00fcckbau soll im Sommer 2021 abgeschlossen sein. Aufgrund der Zentrumslage will Hiag das Areal zu einem gemischt genutzten Ortsteil entwickeln.<\/span><\/span><\/span><\/p>\n<p><span><span><span><span><span>Hiag ist seit August 2018 Eigent\u00fcmerin des Rohner-Areals. Die Rohner AG sollte zun\u00e4chst Mieterin bleiben, im August 2019 jedoch meldete die Firma Konkurs an, was auch das Ergebnis der Hiag belastete. Das Unternehmen war einer der gr\u00f6ssten Mieter der Immobilienfirma.<\/span><\/span><\/span><\/span><\/span><\/p>","protected":false},"excerpt":{"rendered":"<p><span><span><span>Die Arealentwicklerin Hiag Immobilien Holding kann die Kosten f\u00fcr den R\u00fcckbau des Rohner-Areals in Pratteln (BL) deutlich senken. <\/span><\/span><\/span><\/p>","protected":false},"author":23,"featured_media":0,"comment_status":"closed","ping_status":"closed","sticky":false,"template":"","format":"standard","meta":{"_acf_changed":false,"footnotes":""},"categories":[5],"tags":[18,11,58],"class_list":["post-1025","post","type-post","status-publish","format-standard","hentry","category-ib","tag-bl","tag-in-planung","tag-wohn-und-gewerbeimmobilie"],"acf":[],"_links":{"self":[{"href":"https:\/\/develop.immobilienbusiness.ch\/en\/wp-json\/wp\/v2\/posts\/1025","targetHints":{"allow":["GET"]}}],"collection":[{"href":"https:\/\/develop.immobilienbusiness.ch\/en\/wp-json\/wp\/v2\/posts"}],"about":[{"href":"https:\/\/develop.immobilienbusiness.ch\/en\/wp-json\/wp\/v2\/types\/post"}],"author":[{"embeddable":true,"href":"https:\/\/develop.immobilienbusiness.ch\/en\/wp-json\/wp\/v2\/users\/23"}],"replies":[{"embeddable":true,"href":"https:\/\/develop.immobilienbusiness.ch\/en\/wp-json\/wp\/v2\/comments?post=1025"}],"version-history":[{"count":0,"href":"https:\/\/develop.immobilienbusiness.ch\/en\/wp-json\/wp\/v2\/posts\/1025\/revisions"}],"wp:attachment":[{"href":"https:\/\/develop.immobilienbusiness.ch\/en\/wp-json\/wp\/v2\/media?parent=1025"}],"wp:term":[{"taxonomy":"category","embeddable":true,"href":"https:\/\/develop.immobilienbusiness.ch\/en\/wp-json\/wp\/v2\/categories?post=1025"},{"taxonomy":"post_tag","embeddable":true,"href":"https:\/\/develop.immobilienbusiness.ch\/en\/wp-json\/wp\/v2\/tags?post=1025"}],"curies":[{"name":"wp","href":"https:\/\/api.w.org\/{rel}","templated":true}]}}