{"id":1023,"date":"2020-12-08T09:32:00","date_gmt":"2020-12-08T08:32:00","guid":{"rendered":"https:\/\/develop.immobilienbusiness.ch\/de\/allgemein\/2020-12-08\/schlieren-halter-bezieht-neuen-hauptsitz-im-jed\/"},"modified":"2020-12-08T09:32:00","modified_gmt":"2020-12-08T08:32:00","slug":"schlieren-halter-bezieht-neuen-hauptsitz-im-jed","status":"publish","type":"post","link":"https:\/\/develop.immobilienbusiness.ch\/en\/ib\/2020-12-08\/schlieren-halter-bezieht-neuen-hauptsitz-im-jed\/","title":{"rendered":"Schlieren: Halter bezieht neuen Hauptsitz im JED"},"content":{"rendered":"<p><span>Die Halter AG ist mit ihrem Hauptsitz ab dem 14. Dezember auf dem Areal J.E.D. (f\u00fcr Join. Explore. Dare \u2013 verbinden, entdecken, wagen) in Schlieren ans\u00e4ssig, Halter hatte dort das ehemalige Druckereizentrum der NZZ\u00a0 im Auftrag der Eigent\u00fcmerin Swiss Prime Site AG umgebaut. Wie die Bau- und Immobiliengesellschaft berichtet, werden auch die ebenfalls zur Halter-Gruppe z\u00e4hlenden Gesellschaften Tend AG, Raumgleiter AG, Integral design-build AG, die Entwicklergenossenschaft Wir sind Stadtgarten\u00a0sowie die MOVEment Systems AG ihren Sitz auf das Areal J.E.D. verlegen. <\/span><\/p>\n<p><span>Der neue Sitz der Halter AG tritt unter dem Label <a href=\"http:\/\/www.thebranch.ch\">The Branch<\/a>\u00a0an und wird neue M\u00f6glichkeiten der Zusammenarbeit mit \u00f6ffentlich mietbaren sogenannten Collab-Arbeitspl\u00e4tzen, Worklounges und Big Rooms f\u00fcr Einzelpersonen und Teams umfassen; Konzept von The Branch, dessen Tr\u00e4ger der Verein Branch Do Tank ist, sei die horizontale und vertikale Integration der Immobilienwelt, teilt Halter mit. <\/span><\/p>","protected":false},"excerpt":{"rendered":"<p>Die Halter AG bezieht am 14. Dezember ihre neuen B\u00fcros auf dem Areal J.E.D. in Schlieren. Bislang war die Bau- und Immobiliengesellschaft\u00a0 mit ihrem Hauptsitz in Z\u00fcrich ans\u00e4ssig.<\/p>\n<p>\u00a0<\/p>","protected":false},"author":24,"featured_media":0,"comment_status":"closed","ping_status":"closed","sticky":false,"template":"","format":"standard","meta":{"_acf_changed":false,"footnotes":""},"categories":[5],"tags":[7,40],"class_list":["post-1023","post","type-post","status-publish","format-standard","hentry","category-ib","tag-buro","tag-vermietung"],"acf":[],"_links":{"self":[{"href":"https:\/\/develop.immobilienbusiness.ch\/en\/wp-json\/wp\/v2\/posts\/1023","targetHints":{"allow":["GET"]}}],"collection":[{"href":"https:\/\/develop.immobilienbusiness.ch\/en\/wp-json\/wp\/v2\/posts"}],"about":[{"href":"https:\/\/develop.immobilienbusiness.ch\/en\/wp-json\/wp\/v2\/types\/post"}],"author":[{"embeddable":true,"href":"https:\/\/develop.immobilienbusiness.ch\/en\/wp-json\/wp\/v2\/users\/24"}],"replies":[{"embeddable":true,"href":"https:\/\/develop.immobilienbusiness.ch\/en\/wp-json\/wp\/v2\/comments?post=1023"}],"version-history":[{"count":0,"href":"https:\/\/develop.immobilienbusiness.ch\/en\/wp-json\/wp\/v2\/posts\/1023\/revisions"}],"wp:attachment":[{"href":"https:\/\/develop.immobilienbusiness.ch\/en\/wp-json\/wp\/v2\/media?parent=1023"}],"wp:term":[{"taxonomy":"category","embeddable":true,"href":"https:\/\/develop.immobilienbusiness.ch\/en\/wp-json\/wp\/v2\/categories?post=1023"},{"taxonomy":"post_tag","embeddable":true,"href":"https:\/\/develop.immobilienbusiness.ch\/en\/wp-json\/wp\/v2\/tags?post=1023"}],"curies":[{"name":"wp","href":"https:\/\/api.w.org\/{rel}","templated":true}]}}