{"id":1022,"date":"2020-12-08T09:00:06","date_gmt":"2020-12-08T08:00:06","guid":{"rendered":"https:\/\/develop.immobilienbusiness.ch\/de\/allgemein\/2020-12-08\/pratteln-sanierung-des-rohner-areals-ist-angelaufen\/"},"modified":"2020-12-08T09:00:06","modified_gmt":"2020-12-08T08:00:06","slug":"pratteln-sanierung-des-rohner-areals-ist-angelaufen","status":"publish","type":"post","link":"https:\/\/develop.immobilienbusiness.ch\/en\/ib\/2020-12-08\/pratteln-sanierung-des-rohner-areals-ist-angelaufen\/","title":{"rendered":"Pratteln: Sanierung des Rohner-Areals ist angelaufen"},"content":{"rendered":"<p>Hiag hatte das zentral in Pratteln gelegene Areal der Rohner AG im August 2018 per Sale-and-lease-back-Transaktion \u00fcbernommen. Die Rohner AG sollte zun\u00e4chst Mieterin auf dem 32.000 qm grossen Grundst\u00fcck bleiben, mittelfristig wollte Hiag das Areal entwickeln. Im August dieses Jahres meldete Rohner jedoch Konkurs an, was auch das Ergebnis der Hiag belastete. Das Unternehmen war einer der gr\u00f6ssten Mieter der Immobilienfirma.<\/p>\n<p>Hiag entschied daraufhin, die Entwicklung des Areals zeitnah in Angriff zu nehmen. Dazu wurde eine umfangreiche Altlastensanierung n\u00f6tig. Wie sich weiter herausstellte, war es zwischen November 2018 und Februar 2019 durch ein Leck in einer Abwasserleitung zu einer erheblichen Grundwasserverunreinigung gekommen: Rund 20 Millionen Liter Industrieabwasser sind ins Grundwasser gelangt. Die Kosten f\u00fcr die Bew\u00e4ltigung der Grundwasserverschmutzung liegen nach Angaben des Kantons Basel-Landschaft derzeit bei \u00fcber 700.000 CHF. Grunds\u00e4tzlich seien diese Kosten durch den Verursacher zu tragen, heisst es in dem Communiqu\u00e9. Die Rohner AG wird jedoch liquidiert.<\/p>\n<p>Hiag als Grundeigent\u00fcmerin des Areals hat 22 Mitarbeitende von Rohner \u00fcbernommen, die sich um die Sicherheit und die Sanierung des Grundst\u00fccks k\u00fcmmern. Seit Anfang Juli seien 250 der \u00fcber 500 Tonnen Abfall entsorgt worden \u2013 die Kosten f\u00fcr die Entsorgung trage die Hiag vollumf\u00e4nglich, so der Kanton. Hiag werde ein Konzept f\u00fcr die vollst\u00e4ndige Reinigung der Produktionsanlagen und den anschliessenden R\u00fcckbau des Areals erstellen, heisst es weiter. Alleine die Reinigungsarbeiten w\u00fcrden voraussichtlich bis im Herbst 2020 dauern. Die kantonalen Beh\u00f6rden sch\u00e4tzen die Kosten f\u00fcr die Altlastensanierung auf 1,5 Millionen CHF. Die \u00f6ffentliche Hand werde sich aus heutiger Sicht nicht an diesen Kosten beteiligen m\u00fcssen.<\/p>","protected":false},"excerpt":{"rendered":"<p>Die Altlastensanierung des Rohner-Areals in Pratteln (BL) erweist sich f\u00fcr die Eigent\u00fcmerin Hiag aufw\u00e4ndiger als zun\u00e4chst gedacht.<\/p>\n<p>\u00a0<\/p>","protected":false},"author":23,"featured_media":0,"comment_status":"closed","ping_status":"closed","sticky":false,"template":"","format":"standard","meta":{"_acf_changed":false,"footnotes":""},"categories":[5],"tags":[18,11],"class_list":["post-1022","post","type-post","status-publish","format-standard","hentry","category-ib","tag-bl","tag-in-planung"],"acf":[],"_links":{"self":[{"href":"https:\/\/develop.immobilienbusiness.ch\/en\/wp-json\/wp\/v2\/posts\/1022","targetHints":{"allow":["GET"]}}],"collection":[{"href":"https:\/\/develop.immobilienbusiness.ch\/en\/wp-json\/wp\/v2\/posts"}],"about":[{"href":"https:\/\/develop.immobilienbusiness.ch\/en\/wp-json\/wp\/v2\/types\/post"}],"author":[{"embeddable":true,"href":"https:\/\/develop.immobilienbusiness.ch\/en\/wp-json\/wp\/v2\/users\/23"}],"replies":[{"embeddable":true,"href":"https:\/\/develop.immobilienbusiness.ch\/en\/wp-json\/wp\/v2\/comments?post=1022"}],"version-history":[{"count":0,"href":"https:\/\/develop.immobilienbusiness.ch\/en\/wp-json\/wp\/v2\/posts\/1022\/revisions"}],"wp:attachment":[{"href":"https:\/\/develop.immobilienbusiness.ch\/en\/wp-json\/wp\/v2\/media?parent=1022"}],"wp:term":[{"taxonomy":"category","embeddable":true,"href":"https:\/\/develop.immobilienbusiness.ch\/en\/wp-json\/wp\/v2\/categories?post=1022"},{"taxonomy":"post_tag","embeddable":true,"href":"https:\/\/develop.immobilienbusiness.ch\/en\/wp-json\/wp\/v2\/tags?post=1022"}],"curies":[{"name":"wp","href":"https:\/\/api.w.org\/{rel}","templated":true}]}}