{"id":1003,"date":"2020-12-07T08:53:29","date_gmt":"2020-12-07T07:53:29","guid":{"rendered":"https:\/\/develop.immobilienbusiness.ch\/de\/allgemein\/2020-12-07\/hotels-einbruch-bei-den-logiernachten-in-der-sommersaison\/"},"modified":"2020-12-07T08:53:29","modified_gmt":"2020-12-07T07:53:29","slug":"hotels-einbruch-bei-den-logiernachten-in-der-sommersaison","status":"publish","type":"post","link":"https:\/\/develop.immobilienbusiness.ch\/en\/ib\/2020-12-07\/hotels-einbruch-bei-den-logiernachten-in-der-sommersaison\/","title":{"rendered":"Hotels: Einbruch bei den Logiern\u00e4chten in der Sommersaison"},"content":{"rendered":"<p><span><span><span>Wie das Bundesamt f\u00fcr Statistik (BFS) weiter mitteilt, sei in der Sommersaison 2020 in allen Monaten von Mai bis Oktober ein Logiern\u00e4chteminus registriert worden. Es bewegte sich zwischen -79,2% im Mai und -26,4% im Juli. Die ausl\u00e4ndische Nachfrage sei im gesamten Beobachtungszeitraum um 75% eingebrochen, bei den Schweizer G\u00e4sten habe man dagegen von Juli bis Oktober ein deutliches Plus verbucht.<\/span><\/span><\/span><\/p>\n<p><span><span><span>Von allen Tourismusregionen habe nur Graub\u00fcnden mit +0,9% gegen\u00fcber der entsprechenden Vorjahresperiode ein leichtes Logiern\u00e4chteplus ausgewiesen. Die \u00fcbrigen zw\u00f6lf Regionen haben laut BFS einen markanten R\u00fcckgang verzeichnet. Besonders stark betroffen waren die st\u00e4dtischen Gebiete Genf (-78,1%), Region Z\u00fcrich (-73,3%) und Region Basel (-63,4%). <\/span><\/span><\/span><\/p>\n<p><span><span><span>W\u00e4hrend in den Sommermonaten die ausl\u00e4ndische Nachfrage nach Hotel\u00fcbernachtungen stark r\u00fcckl\u00e4ufig war, zog die inl\u00e4ndische Nachfrage an und erreichte teilweise neue Rekordwerte. Insbesondere das Tessin, Graub\u00fcnden, die Region Jura &amp; Drei-Seen-Land, das Wallis, die Region Bern und die Region Luzern\/Vierwaldst\u00e4ttersee haben laut BFS von de r inl\u00e4ndischen Nachfrage profitiert. <\/span><\/span><\/span><\/p>\n<p><span><span><span>Auch im Oktober 2020 war die Nachfrage noch immer stark negativ und lag um ein Drittel niedriger als im Vorjahr. Besonders markant war der R\u00fcckgang in Genf (-75,0%) und in der Region Z\u00fcrich (-67,0%). W\u00e4hrend insgesamt 77% weniger ausl\u00e4ndische G\u00e4ste in die Schweiz kamen, nahm die inl\u00e4ndische Nachfrage um 14,5% zu. Eine Zunahme von Schweizer G\u00e4sten verzeichneten vor allem das Tessin und Graub\u00fcnden, aber auch das Wallis, Bern, Luzern\/Vierwaldst\u00e4ttersee, Ostschweiz, Jura &amp; Drei-Seen-Land und die Region Fribourg.<\/span><\/span><\/span><\/p>","protected":false},"excerpt":{"rendered":"<p><span><span><span>Die Schweizer Hotellerie hat in der Sommersaison 2020 insgesamt 13,4 Millionen Logiern\u00e4chte verzeichnet, das sind 41% weniger als im Vorjahreszeitraum. Dies geht aus den provisorischen Ergebnissen des Bundesamtes f\u00fcr Statistik hervor.<\/span><\/span><\/span><\/p>","protected":false},"author":23,"featured_media":0,"comment_status":"closed","ping_status":"closed","sticky":false,"template":"","format":"standard","meta":{"_acf_changed":false,"footnotes":""},"categories":[5],"tags":[70],"class_list":["post-1003","post","type-post","status-publish","format-standard","hentry","category-ib","tag-studie-hotel"],"acf":[],"_links":{"self":[{"href":"https:\/\/develop.immobilienbusiness.ch\/en\/wp-json\/wp\/v2\/posts\/1003","targetHints":{"allow":["GET"]}}],"collection":[{"href":"https:\/\/develop.immobilienbusiness.ch\/en\/wp-json\/wp\/v2\/posts"}],"about":[{"href":"https:\/\/develop.immobilienbusiness.ch\/en\/wp-json\/wp\/v2\/types\/post"}],"author":[{"embeddable":true,"href":"https:\/\/develop.immobilienbusiness.ch\/en\/wp-json\/wp\/v2\/users\/23"}],"replies":[{"embeddable":true,"href":"https:\/\/develop.immobilienbusiness.ch\/en\/wp-json\/wp\/v2\/comments?post=1003"}],"version-history":[{"count":0,"href":"https:\/\/develop.immobilienbusiness.ch\/en\/wp-json\/wp\/v2\/posts\/1003\/revisions"}],"wp:attachment":[{"href":"https:\/\/develop.immobilienbusiness.ch\/en\/wp-json\/wp\/v2\/media?parent=1003"}],"wp:term":[{"taxonomy":"category","embeddable":true,"href":"https:\/\/develop.immobilienbusiness.ch\/en\/wp-json\/wp\/v2\/categories?post=1003"},{"taxonomy":"post_tag","embeddable":true,"href":"https:\/\/develop.immobilienbusiness.ch\/en\/wp-json\/wp\/v2\/tags?post=1003"}],"curies":[{"name":"wp","href":"https:\/\/api.w.org\/{rel}","templated":true}]}}