{"id":95,"date":"2020-01-07T21:58:09","date_gmt":"2020-01-07T20:58:09","guid":{"rendered":"https:\/\/develop.immobilienbusiness.ch\/de\/allgemein\/2020-01-07\/thun-bessere-anbindung-vom-bahnhof-ins-schwabis\/"},"modified":"2020-01-07T21:58:09","modified_gmt":"2020-01-07T20:58:09","slug":"thun-bessere-anbindung-vom-bahnhof-ins-schwabis","status":"publish","type":"post","link":"https:\/\/develop.immobilienbusiness.ch\/de\/ib\/2020-01-07\/thun-bessere-anbindung-vom-bahnhof-ins-schwabis\/","title":{"rendered":"Thun: Bessere Anbindung vom Bahnhof ins Schw\u00e4bis"},"content":{"rendered":"<p>Die geplante Langsamverkehrsverbindung vom Bahnhof Thun ins Schw\u00e4bis-Quartier ist Teil des Agglomerationsprogramms Thun und zudem im st\u00e4dtischen Gesamtverkehrskonzept enthalten.<\/p>\n<p>Das Projekt ist in zwei Abschnitte unterteilt: die Strecke Bahnhof-Selve und die Strecke Selve-Schw\u00e4bis. F\u00fcr den Abschnitt Bahnhof-Selve liegt ein Projekt vor, das aber \u00fcberpr\u00fcft und mit den Planungen der SBB koordiniert werden muss.<\/p>\n<p>F\u00fcr den zweiten Abschnitt Selve-Schw\u00e4bis ist die genaue Linienf\u00fchrung nach Angaben der Stadt noch offen. Nun sollen bis im Sommer 2020 zwei bewilligungsf\u00e4hige Teilprojekte daf\u00fcr ausgearbeitet werden. F\u00fcr die Bestvariante wird bis Herbst dieses Jahres ein Vorprojekt mit Kostensch\u00e4tzung erarbeitet, auf dessen Grundlage in einem n\u00e4chsten Schritt, ab Winter 2020\/21 ein Bauprojekt erstellt und das Bewilligungsverfahren gestartet werden kann.<\/p>\n","protected":false},"excerpt":{"rendered":"<p>Die Stadt Thun (BE) will einen Fuss- und Veloweg vom Bahnhof \u00fcber das Selve- bis ins Schw\u00e4bisquartier realisieren.<\/p>\n","protected":false},"author":23,"featured_media":0,"comment_status":"closed","ping_status":"closed","sticky":false,"template":"","format":"standard","meta":{"_acf_changed":false,"footnotes":""},"categories":[5],"tags":[25],"class_list":["post-95","post","type-post","status-publish","format-standard","hentry","category-ib","tag-be"],"acf":[],"_links":{"self":[{"href":"https:\/\/develop.immobilienbusiness.ch\/de\/wp-json\/wp\/v2\/posts\/95","targetHints":{"allow":["GET"]}}],"collection":[{"href":"https:\/\/develop.immobilienbusiness.ch\/de\/wp-json\/wp\/v2\/posts"}],"about":[{"href":"https:\/\/develop.immobilienbusiness.ch\/de\/wp-json\/wp\/v2\/types\/post"}],"author":[{"embeddable":true,"href":"https:\/\/develop.immobilienbusiness.ch\/de\/wp-json\/wp\/v2\/users\/23"}],"replies":[{"embeddable":true,"href":"https:\/\/develop.immobilienbusiness.ch\/de\/wp-json\/wp\/v2\/comments?post=95"}],"version-history":[{"count":0,"href":"https:\/\/develop.immobilienbusiness.ch\/de\/wp-json\/wp\/v2\/posts\/95\/revisions"}],"wp:attachment":[{"href":"https:\/\/develop.immobilienbusiness.ch\/de\/wp-json\/wp\/v2\/media?parent=95"}],"wp:term":[{"taxonomy":"category","embeddable":true,"href":"https:\/\/develop.immobilienbusiness.ch\/de\/wp-json\/wp\/v2\/categories?post=95"},{"taxonomy":"post_tag","embeddable":true,"href":"https:\/\/develop.immobilienbusiness.ch\/de\/wp-json\/wp\/v2\/tags?post=95"}],"curies":[{"name":"wp","href":"https:\/\/api.w.org\/{rel}","templated":true}]}}