{"id":9,"date":"2019-12-01T11:29:00","date_gmt":"2019-12-01T10:29:00","guid":{"rendered":"https:\/\/develop.immobilienbusiness.ch\/de\/allgemein\/2019-12-01\/emmen-bau-von-feld-eins-ist-bewilligt\/"},"modified":"2019-12-01T11:29:00","modified_gmt":"2019-12-01T10:29:00","slug":"emmen-bau-von-feld-eins-ist-bewilligt","status":"publish","type":"post","link":"https:\/\/develop.immobilienbusiness.ch\/de\/ib\/2019-12-01\/emmen-bau-von-feld-eins-ist-bewilligt\/","title":{"rendered":"Emmen: Bau von Feld Eins ist bewilligt"},"content":{"rendered":"<p>Die Wohn\u00fcberbauung Feld Eins in der Emmer Feldbreite entsteht nach einem Konzept des Architekturb\u00fcros Graber Pulver. Bauherr und Investor ist Develop Invest aus Schaffhausen, Genu Partner wird das Projekt als Totalunternehmer realisieren. Die Baubewilligung wurde im vierten Quartal\u00a02019 erteilt.<\/p>\n<p>Erstellt werden insgesamt 71 Eigentumswohnungen mit 3,5 bis 5,5 Zimmern, die jeweils mit mindestens zwei Aussenr\u00e4umen wie Garten, Terrasse, Wintergarten oder Loggia ausgestattet sind. Die Wohnh\u00e4user werden nach\u00a0Minergie-Standard errichtet und sind an eine Photovoltaikanlage angeschlossen.<\/p>\n<p>Laut einer Mitteilung von Advendis, die mit der Vermarktung der Wohnungen beauftragt ist,\u00a0kosten die Wohnungen zwischen 565.000 und 995.000 CHF. Rund ein Drittel sei bereits reserviert.<\/p>\n<p>Der Bau soll im Fr\u00fchling 2020 starten, bis Anfang 2022 soll das Feld Eins fertig gestellt sein.<\/p>\n","protected":false},"excerpt":{"rendered":"<p>Die Baubewilligung f\u00fcr die Wohn\u00fcberbauung Feld Eins in der Emmer Feldbreite ist erteilt worden. Auf dem Areal des ehemaligen Schindler-D\u00f6rflis sollen 71 Eigentumswohnungen entstehen.<\/p>\n","protected":false},"author":23,"featured_media":0,"comment_status":"closed","ping_status":"closed","sticky":false,"template":"","format":"standard","meta":{"_acf_changed":false,"footnotes":""},"categories":[5],"tags":[11,10],"class_list":["post-9","post","type-post","status-publish","format-standard","hentry","category-ib","tag-in-planung","tag-lu"],"acf":[],"_links":{"self":[{"href":"https:\/\/develop.immobilienbusiness.ch\/de\/wp-json\/wp\/v2\/posts\/9","targetHints":{"allow":["GET"]}}],"collection":[{"href":"https:\/\/develop.immobilienbusiness.ch\/de\/wp-json\/wp\/v2\/posts"}],"about":[{"href":"https:\/\/develop.immobilienbusiness.ch\/de\/wp-json\/wp\/v2\/types\/post"}],"author":[{"embeddable":true,"href":"https:\/\/develop.immobilienbusiness.ch\/de\/wp-json\/wp\/v2\/users\/23"}],"replies":[{"embeddable":true,"href":"https:\/\/develop.immobilienbusiness.ch\/de\/wp-json\/wp\/v2\/comments?post=9"}],"version-history":[{"count":0,"href":"https:\/\/develop.immobilienbusiness.ch\/de\/wp-json\/wp\/v2\/posts\/9\/revisions"}],"wp:attachment":[{"href":"https:\/\/develop.immobilienbusiness.ch\/de\/wp-json\/wp\/v2\/media?parent=9"}],"wp:term":[{"taxonomy":"category","embeddable":true,"href":"https:\/\/develop.immobilienbusiness.ch\/de\/wp-json\/wp\/v2\/categories?post=9"},{"taxonomy":"post_tag","embeddable":true,"href":"https:\/\/develop.immobilienbusiness.ch\/de\/wp-json\/wp\/v2\/tags?post=9"}],"curies":[{"name":"wp","href":"https:\/\/api.w.org\/{rel}","templated":true}]}}