{"id":723,"date":"2020-08-27T17:23:13","date_gmt":"2020-08-27T15:23:13","guid":{"rendered":"https:\/\/develop.immobilienbusiness.ch\/de\/allgemein\/2020-08-27\/bern-spatenstich-fur-neubau-am-tramdepot-burgernziel\/"},"modified":"2020-08-27T17:23:13","modified_gmt":"2020-08-27T15:23:13","slug":"bern-spatenstich-fur-neubau-am-tramdepot-burgernziel","status":"publish","type":"post","link":"https:\/\/develop.immobilienbusiness.ch\/de\/ib\/2020-08-27\/bern-spatenstich-fur-neubau-am-tramdepot-burgernziel\/","title":{"rendered":"Bern: Spatenstich f\u00fcr Neubau am Tramdepot Burgernziel"},"content":{"rendered":"<p>Das Wohnbauprojekt\u00a0L\u00e4be\u00a0im\u00a0Burgereziel\u00a0umfasst 101 Wohnungen sowie eine Kindertagesst\u00e4tte, eine altersgemischte Schulklasse (Basisstufe) und ein Quartierrestaurant. Auch die Quartiervertretung Quav4 wird in der \u00dcberbauung ihr B\u00fcro einrichten, Ankermieter im Gesch\u00e4ftsteil ist die Migros, die eine Filiale im Erdgeschoss er\u00f6ffnen wird; zudem sind weitere L\u00e4den geplant. Ein Drittel des Wohnraums ist f\u00fcr das gemeinn\u00fctzige Wohnen reserviert.\u00a0\u00a0<\/p>\n<p>Bauherrschaft ist die Geb\u00e4udeversicherung Bern (GVB) gemeinsam mit der Genossenschaft wbg8, Entwicklung und Totalunternehmer ist Losinger Marazzi.\u00a0<\/p>\n<p>Die \u00dcberbauung wird nach dem Standard Minergie-Eco errichtet und ist bereits als 2.000-Watt-Areal zertifiziert worden. Das Projekt wird \u00fcber Solarpanels und Erdsonden verf\u00fcgen und soll komplett CO2-neutral beheizt werden. Es wird mit einer Bauphase von etwa zwei Jahren gerechnet, voraussichtlich zum 1. November 2022 sollen die Fl\u00e4chen bezugsbereit sein.\u00a0<\/p>\n<p>\u00a0<\/p>\n","protected":false},"excerpt":{"rendered":"<p>Am 21. August ist der Spatenstich f\u00fcr das Projekt\u00a0L\u00e4be\u00a0im\u00a0Burgereziel\u00a0in Bern erfolgt. Am Standort des alten Tramdepots\u00a0Burgernziel\u00a0entstehen Wohnungen und Gesch\u00e4fte.\u00a0<\/p>\n","protected":false},"author":23,"featured_media":0,"comment_status":"closed","ping_status":"closed","sticky":false,"template":"","format":"standard","meta":{"_acf_changed":false,"footnotes":""},"categories":[5],"tags":[25,19,4,58],"class_list":["post-723","post","type-post","status-publish","format-standard","hentry","category-ib","tag-be","tag-in-bau","tag-mehrfamilienhaus-miete","tag-wohn-und-gewerbeimmobilie"],"acf":[],"_links":{"self":[{"href":"https:\/\/develop.immobilienbusiness.ch\/de\/wp-json\/wp\/v2\/posts\/723","targetHints":{"allow":["GET"]}}],"collection":[{"href":"https:\/\/develop.immobilienbusiness.ch\/de\/wp-json\/wp\/v2\/posts"}],"about":[{"href":"https:\/\/develop.immobilienbusiness.ch\/de\/wp-json\/wp\/v2\/types\/post"}],"author":[{"embeddable":true,"href":"https:\/\/develop.immobilienbusiness.ch\/de\/wp-json\/wp\/v2\/users\/23"}],"replies":[{"embeddable":true,"href":"https:\/\/develop.immobilienbusiness.ch\/de\/wp-json\/wp\/v2\/comments?post=723"}],"version-history":[{"count":0,"href":"https:\/\/develop.immobilienbusiness.ch\/de\/wp-json\/wp\/v2\/posts\/723\/revisions"}],"wp:attachment":[{"href":"https:\/\/develop.immobilienbusiness.ch\/de\/wp-json\/wp\/v2\/media?parent=723"}],"wp:term":[{"taxonomy":"category","embeddable":true,"href":"https:\/\/develop.immobilienbusiness.ch\/de\/wp-json\/wp\/v2\/categories?post=723"},{"taxonomy":"post_tag","embeddable":true,"href":"https:\/\/develop.immobilienbusiness.ch\/de\/wp-json\/wp\/v2\/tags?post=723"}],"curies":[{"name":"wp","href":"https:\/\/api.w.org\/{rel}","templated":true}]}}