{"id":690,"date":"2020-08-13T08:41:37","date_gmt":"2020-08-13T06:41:37","guid":{"rendered":"https:\/\/develop.immobilienbusiness.ch\/de\/allgemein\/2020-08-13\/luzern-nord-losinger-marazzi-baut-verwaltungsgebaude\/"},"modified":"2020-08-13T08:41:37","modified_gmt":"2020-08-13T06:41:37","slug":"luzern-nord-losinger-marazzi-baut-verwaltungsgebaude","status":"publish","type":"post","link":"https:\/\/develop.immobilienbusiness.ch\/de\/ib\/2020-08-13\/luzern-nord-losinger-marazzi-baut-verwaltungsgebaude\/","title":{"rendered":"Luzern Nord: Losinger Marazzi baut Verwaltungsgeb\u00e4ude"},"content":{"rendered":"<p><span><span><span>Am Seetalplatz in Emmen soll bis 2025 auf kantonseigenem Grund das Zentrale Verwaltungsgeb\u00e4ude des Kantons realisiert werden. Den Zuschlag f\u00fcr die Projektierung und Ausf\u00fchrung hat der Gesamtleistungsanbieter Losinger Marazzi erhalten, teilt die Luzerner Kantonsregierung mit. Das Unternehmen habe sich im zweistufigen Wettbewerbsverfahren durchgesetzt. <\/span><\/span><\/span><\/p>\n<p><span><span><span>Die Vergabesumme f\u00fcr das Siegerprojekt mit dem Namen \u00abMetropol\u00bb bel\u00e4uft sich auf 135 Millionen CHF. Darin seien auch Wohnungen, die in den obersten Stockwerken des Baus erstellt werden, Retailfl\u00e4chen sowie ein Polizeiposten enthalten.<\/span><\/span><\/span><\/p>\n<p><span><span><span>Am neuen Standort am Seetalplatz sollen 30 Organisationseinheiten mit rund 1.300 Mitarbeitenden der kantonalen Verwaltung zusammengef\u00fchrt werden, die heute auf \u00fcber 30 Standorte in der Stadt Luzern verteilt sind. Der Kanto verspricht sich vom dem Zentralen Verwaltungsgeb\u00e4ude eine gesteigerte betriebliche Effizienz und eine Reduktion der Bewirtschaftungskosten. Zudem werde der Neubau den Anforderungen der heutigen Arbeitswelt Rechnung tragen: Vorgesehen seien unter anderem Open-Space-Arbeitspl\u00e4tze, Ruher\u00e4ume und Konferenzr\u00e4ume. <\/span><\/span><\/span><\/p>\n<p><span><span><span>Die Stimmberechtigten werden im Herbst 2021 \u00fcber das Bauprojekt entscheiden. <\/span><\/span><\/span><\/p>\n","protected":false},"excerpt":{"rendered":"<p><span><span><span>Der Luzerner Regierungsrat hat Losinger Marazzi den Zuschlag f\u00fcr die Planung und Realisierung des Zentralen Verwaltungsgeb\u00e4udes am Seetalplatz in Emmen gegeben. <\/span><\/span><\/span><\/p>\n","protected":false},"author":23,"featured_media":0,"comment_status":"closed","ping_status":"closed","sticky":false,"template":"","format":"standard","meta":{"_acf_changed":false,"footnotes":""},"categories":[5],"tags":[7,11,10,4,16],"class_list":["post-690","post","type-post","status-publish","format-standard","hentry","category-ib","tag-buro","tag-in-planung","tag-lu","tag-mehrfamilienhaus-miete","tag-retail"],"acf":[],"_links":{"self":[{"href":"https:\/\/develop.immobilienbusiness.ch\/de\/wp-json\/wp\/v2\/posts\/690","targetHints":{"allow":["GET"]}}],"collection":[{"href":"https:\/\/develop.immobilienbusiness.ch\/de\/wp-json\/wp\/v2\/posts"}],"about":[{"href":"https:\/\/develop.immobilienbusiness.ch\/de\/wp-json\/wp\/v2\/types\/post"}],"author":[{"embeddable":true,"href":"https:\/\/develop.immobilienbusiness.ch\/de\/wp-json\/wp\/v2\/users\/23"}],"replies":[{"embeddable":true,"href":"https:\/\/develop.immobilienbusiness.ch\/de\/wp-json\/wp\/v2\/comments?post=690"}],"version-history":[{"count":0,"href":"https:\/\/develop.immobilienbusiness.ch\/de\/wp-json\/wp\/v2\/posts\/690\/revisions"}],"wp:attachment":[{"href":"https:\/\/develop.immobilienbusiness.ch\/de\/wp-json\/wp\/v2\/media?parent=690"}],"wp:term":[{"taxonomy":"category","embeddable":true,"href":"https:\/\/develop.immobilienbusiness.ch\/de\/wp-json\/wp\/v2\/categories?post=690"},{"taxonomy":"post_tag","embeddable":true,"href":"https:\/\/develop.immobilienbusiness.ch\/de\/wp-json\/wp\/v2\/tags?post=690"}],"curies":[{"name":"wp","href":"https:\/\/api.w.org\/{rel}","templated":true}]}}