{"id":666,"date":"2020-08-10T07:34:28","date_gmt":"2020-08-10T05:34:28","guid":{"rendered":"https:\/\/develop.immobilienbusiness.ch\/de\/allgemein\/2020-08-10\/bern-mittelstrasse-wird-zur-temporaren-flaniermeile\/"},"modified":"2020-08-10T07:34:28","modified_gmt":"2020-08-10T05:34:28","slug":"bern-mittelstrasse-wird-zur-temporaren-flaniermeile","status":"publish","type":"post","link":"https:\/\/develop.immobilienbusiness.ch\/de\/ib\/2020-08-10\/bern-mittelstrasse-wird-zur-temporaren-flaniermeile\/","title":{"rendered":"Bern: Mittelstrasse wird zur tempor\u00e4ren Flaniermeile"},"content":{"rendered":"<p><span><span><span>Wie der Berner Gemeinderat mitteilt, wird der Abschnitt der Mittelstrasse im Bereich der Gelateria di Berna, der Caf\u00e8bar Sattler und der Migros am Donnerstag- und Freitagabend sowie am Wochenende verkehrsfrei. Der Strassenraum soll zum Treffpunkt f\u00fcr die Bev\u00f6lkerung des L\u00e4nggassquartiers werden. <\/span><\/span><\/span><\/p>\n<p><span><span><span>Jeweils am Donnerstag und Freitag zwischen 17.30 und 23 Uhr wird der Verkehr umgeleitet, zus\u00e4tzlich wird jeden Samstag zwischen 14 Uhr und 19 Uhr auch ein Teil der Z\u00e4hringerstrasse beim neuen Quartierplatz verkehrsfrei. Beide Verkehrsmassnahmen gelten zwischen dem 13. August und dem 26. September 2020.<\/span><\/span><\/span><\/p>\n","protected":false},"excerpt":{"rendered":"<p><span><span><span>Im Berner L\u00e4nggassquartier werden die Mittelstrasse und ein Teil der Z\u00e4hringerstrasse am Wochenende tempor\u00e4r verkehrsfrei. Die Strassen sollen der Bev\u00f6lkerung als Begegnungsort dienen.<\/span><\/span><\/span><\/p>\n","protected":false},"author":23,"featured_media":0,"comment_status":"closed","ping_status":"closed","sticky":false,"template":"","format":"standard","meta":{"_acf_changed":false,"footnotes":""},"categories":[5],"tags":[25,62],"class_list":["post-666","post","type-post","status-publish","format-standard","hentry","category-ib","tag-be","tag-infrastruktur"],"acf":[],"_links":{"self":[{"href":"https:\/\/develop.immobilienbusiness.ch\/de\/wp-json\/wp\/v2\/posts\/666","targetHints":{"allow":["GET"]}}],"collection":[{"href":"https:\/\/develop.immobilienbusiness.ch\/de\/wp-json\/wp\/v2\/posts"}],"about":[{"href":"https:\/\/develop.immobilienbusiness.ch\/de\/wp-json\/wp\/v2\/types\/post"}],"author":[{"embeddable":true,"href":"https:\/\/develop.immobilienbusiness.ch\/de\/wp-json\/wp\/v2\/users\/23"}],"replies":[{"embeddable":true,"href":"https:\/\/develop.immobilienbusiness.ch\/de\/wp-json\/wp\/v2\/comments?post=666"}],"version-history":[{"count":0,"href":"https:\/\/develop.immobilienbusiness.ch\/de\/wp-json\/wp\/v2\/posts\/666\/revisions"}],"wp:attachment":[{"href":"https:\/\/develop.immobilienbusiness.ch\/de\/wp-json\/wp\/v2\/media?parent=666"}],"wp:term":[{"taxonomy":"category","embeddable":true,"href":"https:\/\/develop.immobilienbusiness.ch\/de\/wp-json\/wp\/v2\/categories?post=666"},{"taxonomy":"post_tag","embeddable":true,"href":"https:\/\/develop.immobilienbusiness.ch\/de\/wp-json\/wp\/v2\/tags?post=666"}],"curies":[{"name":"wp","href":"https:\/\/api.w.org\/{rel}","templated":true}]}}