{"id":582,"date":"2020-07-24T18:25:18","date_gmt":"2020-07-24T16:25:18","guid":{"rendered":"https:\/\/develop.immobilienbusiness.ch\/de\/allgemein\/2020-07-24\/retail-valora-will-mieten-reduzieren\/"},"modified":"2020-07-24T18:25:18","modified_gmt":"2020-07-24T16:25:18","slug":"retail-valora-will-mieten-reduzieren","status":"publish","type":"post","link":"https:\/\/develop.immobilienbusiness.ch\/de\/ib\/2020-07-24\/retail-valora-will-mieten-reduzieren\/","title":{"rendered":"Retail: Valora will Mieten reduzieren"},"content":{"rendered":"<p>Der Lockdown infolge der Coronapandemie macht der Valora Gruppe zu schaffen. Verkaufsstellen mussten entweder komplett geschlossen werden oder wurden nur mit eingeschr\u00e4nkten \u00d6ffnungszeiten betrieben. Insbesondere die Division Food Service sei davon stark betroffen gewesen, vor allem wegen der besonders niedrigen Kundenfrequenzen an Standorten des \u00f6ffentlichen Verkehrs und in Stadtzentren, so Valora bei der Pr\u00e4sentation der Halbjahreszahlen. Die Ums\u00e4tze des Bereichs in der Schweiz seien um fast 40% gefallen.\u00a0\u00a0<\/p>\n<p>Aus diesem Grund hat das Unternehmen angek\u00fcndigt, mit den Vermietern der Ladenstandorte \u00fcber\u00a0Mietanpassungen verhandeln zu wollen. So sei vor\u00a0allem an stark frequentierten Standorten an Verkehrsknotenpunkten und Flugh\u00e4fen von M\u00e4rz bis Juni 2020 der Umsatz um 34% eingebrochen. Dort m\u00fcssten jedoch h\u00f6here Mieten bezahlt werden als zum Beispiel an Standorten in Einkaufszentren und an Innenstadtlagen, wo der Umsatz um 13% gesunken sei.\u00a0<\/p>\n<p>Angesichts der zunehmenden Verlagerung der Arbeit ins Homeoffice k\u00f6nnte sich diese Entwicklung langfristig fortsetzen, glaubt man bei Valora.\u00a0<\/p>\n<p lang=\"DE-DE\" xml:lang=\"DE-DE\" xml:lang=\"DE-DE\">Ziel sei es nun, die Mieten mit Kundenfrequenzen und Umsatzentwicklungen abzugleichen, indem die Mindestmieten reduziert werden und der variable, umsatzabh\u00e4ngige Anteil mehr Gewicht erhalte. Ein wichtiger Vermieter von Valora ist die SBB:\u00a0Im vergangenen Jahr hat der Kioskbetreiber den Zuschlag f\u00fcr die Bewirtschaftung der schweizweit 262 Kiosk- und Convenience-Fl\u00e4chen der SBB erhalten.\u00a0Nach dem\u00a0Gewinn der Ausschreibung seien die Mietkonditionen der SBB-Standorte stark gestiegen, so Valora.\u00a0<\/p>\n","protected":false},"excerpt":{"rendered":"<p>Die Kioskbetreiberin Valora hat w\u00e4hrend des Lockdowns erhebliche\u00a0Umsatzeinbussen\u00a0verzeichnet. Nun will sie \u00fcber Mietsenkungen verhandeln.\u00a0<\/p>\n<p>\u00a0<\/p>\n","protected":false},"author":23,"featured_media":0,"comment_status":"closed","ping_status":"closed","sticky":false,"template":"","format":"standard","meta":{"_acf_changed":false,"footnotes":""},"categories":[5],"tags":[16],"class_list":["post-582","post","type-post","status-publish","format-standard","hentry","category-ib","tag-retail"],"acf":[],"_links":{"self":[{"href":"https:\/\/develop.immobilienbusiness.ch\/de\/wp-json\/wp\/v2\/posts\/582","targetHints":{"allow":["GET"]}}],"collection":[{"href":"https:\/\/develop.immobilienbusiness.ch\/de\/wp-json\/wp\/v2\/posts"}],"about":[{"href":"https:\/\/develop.immobilienbusiness.ch\/de\/wp-json\/wp\/v2\/types\/post"}],"author":[{"embeddable":true,"href":"https:\/\/develop.immobilienbusiness.ch\/de\/wp-json\/wp\/v2\/users\/23"}],"replies":[{"embeddable":true,"href":"https:\/\/develop.immobilienbusiness.ch\/de\/wp-json\/wp\/v2\/comments?post=582"}],"version-history":[{"count":0,"href":"https:\/\/develop.immobilienbusiness.ch\/de\/wp-json\/wp\/v2\/posts\/582\/revisions"}],"wp:attachment":[{"href":"https:\/\/develop.immobilienbusiness.ch\/de\/wp-json\/wp\/v2\/media?parent=582"}],"wp:term":[{"taxonomy":"category","embeddable":true,"href":"https:\/\/develop.immobilienbusiness.ch\/de\/wp-json\/wp\/v2\/categories?post=582"},{"taxonomy":"post_tag","embeddable":true,"href":"https:\/\/develop.immobilienbusiness.ch\/de\/wp-json\/wp\/v2\/tags?post=582"}],"curies":[{"name":"wp","href":"https:\/\/api.w.org\/{rel}","templated":true}]}}