{"id":550,"date":"2020-07-15T13:43:35","date_gmt":"2020-07-15T11:43:35","guid":{"rendered":"https:\/\/develop.immobilienbusiness.ch\/de\/allgemein\/2020-07-15\/locarno-neues-hotelprojekt-in-monte-bre\/"},"modified":"2020-07-15T13:43:35","modified_gmt":"2020-07-15T11:43:35","slug":"locarno-neues-hotelprojekt-in-monte-bre","status":"publish","type":"post","link":"https:\/\/develop.immobilienbusiness.ch\/de\/ib\/2020-07-15\/locarno-neues-hotelprojekt-in-monte-bre\/","title":{"rendered":"Locarno: Neues Hotelprojekt in Monte Br\u00e8"},"content":{"rendered":"<p>Die Immobilienentwicklerin Aedartis AG (zuvor Augurinvest AG) hat im Januar ihr Projekt \u00abBorgo Miranda\u00bb vorgestellt. Wie Marc Sontag, Gesch\u00e4ftsf\u00fchrer der in Pf\u00e4ffikon beheimateten Gesellschaft,\u00a0mitteilte, ist in Monte Br\u00e8\u00a0ein 5-Sterne-Luxusresort geplant \u2013 mit 17 Hotelsuiten, 53 Hotelapartments im Stockwerkeigentum, zwei Restaurants, einer Bar, einem Wellness-Bereich mit Innen- und Aussenpools, einer B\u00e4ckerei\/Caf\u00e9-Bar, Konferenzr\u00e4umen und einem Kids Club. Insgesamt soll ein\u00a01,4 Hektar grosses\u00a0Areals \u00fcberbaut werden; es\u00a0handelt sich um zirka die H\u00e4lfte des Terrains, das von der Gesellschaft bereits erworben wurde.\u00a0<br \/>\nGeplant ist eine Ganzjahresdestination, die sich nach Angaben des mit der Gestaltung des Resorts beauftragen Basler Architekturb\u00fcros Gruner &amp; Friends \u00abwie ein authentisches Tessiner Bergdorf in die Landschaft integriert\u00bb; auch solle das Resort nachhaltig und ressourcenschonend gebaut werden. Das Baugesuch will man \u00a0in K\u00fcrze einreichen. Nach Fertigstellung soll\u00a0das Hotel von einem internationalen Hotelbetreiber \u2013 einer internationalen Kette &#8211; gef\u00fchrt werden; der Personalbedarf wird auf ca. 70 Personen gesch\u00e4tzt.<br \/>\nLaut Marco Sontag ist die Planung dieses Bauprojekts konform mit dem aktuell rechtsg\u00fcltigen Zonenplan und unterliegt dem \u00fcblichen Baubewilligungsverfahren \u2013 eine Einsch\u00e4tzung, die von Kritikern des Projekts, etwa der B\u00fcrgerinitiative \u00abSalva Monte Br\u00e8\u00bb indes nicht geteilt wird.\u00a0<br \/>\nGegen das Vorhaben spricht aus Sicht der Gegner\u00a0zum einen die Wasserversorgung sowie die schwierige Zuwegung, da nur ein schmales und steiles Bergstr\u00e4sschen, das auf den letzten f\u00fcnf Kilometern einspurig ist, nach Monte Br\u00e8 f\u00fchrt. Im vergangenen Jahr war eine kommunale Volksinitiative lanciert worden, um den Zonenplan in dem auf 1.000 Meter H\u00f6he gelegenen Weilers Cardada zu regulieren und vor \u00fcberdimensionierten Projekten in Monte Br\u00e8\u00a0zu sch\u00fctzen. Nach Angaben der Stadtregierung von Locarno stehen Monte Br\u00e8 und Cardada f\u00fcr die n\u00e4chsten f\u00fcnf Jahre unter Schutz stehen.\u00a0<\/p>\n","protected":false},"excerpt":{"rendered":"<p>Die Aedartis AG\u00a0hat ihre Pl\u00e4ne f\u00fcr ein 5-Sterne-Hotel-Resort in Monte Br\u00e8 vorgestellt. Geplant ist\u00a0die \u00dcberbauung eines 1,4 Hektar grossen Areals, etwa der H\u00e4lfte des Terrains, das die\u00a0in Pf\u00e4ffikon ans\u00e4ssige Gesellschaft bereits erworben hat.<br \/>\n\u00a0<\/p>\n","protected":false},"author":24,"featured_media":0,"comment_status":"closed","ping_status":"closed","sticky":false,"template":"","format":"standard","meta":{"_acf_changed":false,"footnotes":""},"categories":[5],"tags":[46,9,11,49],"class_list":["post-550","post","type-post","status-publish","format-standard","hentry","category-ib","tag-ferien-wohnung","tag-hotels","tag-in-planung","tag-ti"],"acf":[],"_links":{"self":[{"href":"https:\/\/develop.immobilienbusiness.ch\/de\/wp-json\/wp\/v2\/posts\/550","targetHints":{"allow":["GET"]}}],"collection":[{"href":"https:\/\/develop.immobilienbusiness.ch\/de\/wp-json\/wp\/v2\/posts"}],"about":[{"href":"https:\/\/develop.immobilienbusiness.ch\/de\/wp-json\/wp\/v2\/types\/post"}],"author":[{"embeddable":true,"href":"https:\/\/develop.immobilienbusiness.ch\/de\/wp-json\/wp\/v2\/users\/24"}],"replies":[{"embeddable":true,"href":"https:\/\/develop.immobilienbusiness.ch\/de\/wp-json\/wp\/v2\/comments?post=550"}],"version-history":[{"count":0,"href":"https:\/\/develop.immobilienbusiness.ch\/de\/wp-json\/wp\/v2\/posts\/550\/revisions"}],"wp:attachment":[{"href":"https:\/\/develop.immobilienbusiness.ch\/de\/wp-json\/wp\/v2\/media?parent=550"}],"wp:term":[{"taxonomy":"category","embeddable":true,"href":"https:\/\/develop.immobilienbusiness.ch\/de\/wp-json\/wp\/v2\/categories?post=550"},{"taxonomy":"post_tag","embeddable":true,"href":"https:\/\/develop.immobilienbusiness.ch\/de\/wp-json\/wp\/v2\/tags?post=550"}],"curies":[{"name":"wp","href":"https:\/\/api.w.org\/{rel}","templated":true}]}}