{"id":5435,"date":"2023-06-19T15:44:24","date_gmt":"2023-06-19T13:44:24","guid":{"rendered":"https:\/\/develop.immobilienbusiness.ch\/?p=5435"},"modified":"2023-06-25T16:00:39","modified_gmt":"2023-06-25T14:00:39","slug":"epalinges-vd-aufrichte-fuer-weiteres-forschungsgebaeude-auf-biopole","status":"publish","type":"post","link":"https:\/\/develop.immobilienbusiness.ch\/de\/ib\/2023-06-19\/epalinges-vd-aufrichte-fuer-weiteres-forschungsgebaeude-auf-biopole\/","title":{"rendered":"Epalinges (VD): Aufrichte f\u00fcr weiteres Forschungsgeb\u00e4ude auf Biop\u00f4le"},"content":{"rendered":"<p>Totalunternehmerin HRS hat die Aufrichte f\u00fcr das Forschungsgeb\u00e4ude Biop\u00f4le SE-C in Epalinges (VD) gefeiert. Das k\u00fcnftige Geb\u00e4ude f\u00fcr Immunologieforschung und Krebsimmuntherapie der Lausanner Niederlassung des Ludwig Institute for Cancer Reseach LICR bestimmt. Die Bauarbeiten haben im M\u00e4rz 2022 begonnen und sollen gem\u00e4\u00df Zeitplan im Juli 2024 abgeschlossen werden.<\/p>\n<p>Laut Angaben des Ludwig Instituts umfasst das Geb\u00e4ude mehr als 9.000 qm und soll 250 Forscher berherbergen. Standort ist der Forschungscampus Biop\u00f4le, der f\u00fcr mehrere hundert Millionen Franken f\u00fcr Life-Science-Wissenschaften entsteht. <i>(aw)<\/i><\/p>\n","protected":false},"excerpt":{"rendered":"<p>Ein 9.000 qm grosses Geb\u00e4ude, das f\u00fcr das Krebsforschungsinstitut Ludwig entsteht, ist vor wenigen Tagen in Epalinges (VD) im Rohbau fertiggestellt worden.<\/p>\n","protected":false},"author":28,"featured_media":0,"comment_status":"closed","ping_status":"closed","sticky":false,"template":"","format":"standard","meta":{"_acf_changed":false,"footnotes":""},"categories":[5],"tags":[7,849,429,230,127,44],"class_list":["post-5435","post","type-post","status-publish","format-standard","hentry","category-ib","tag-buro","tag-epalinges","tag-forschung","tag-hrs","tag-projekt-im-bau","tag-vd"],"acf":[],"_links":{"self":[{"href":"https:\/\/develop.immobilienbusiness.ch\/de\/wp-json\/wp\/v2\/posts\/5435","targetHints":{"allow":["GET"]}}],"collection":[{"href":"https:\/\/develop.immobilienbusiness.ch\/de\/wp-json\/wp\/v2\/posts"}],"about":[{"href":"https:\/\/develop.immobilienbusiness.ch\/de\/wp-json\/wp\/v2\/types\/post"}],"author":[{"embeddable":true,"href":"https:\/\/develop.immobilienbusiness.ch\/de\/wp-json\/wp\/v2\/users\/28"}],"replies":[{"embeddable":true,"href":"https:\/\/develop.immobilienbusiness.ch\/de\/wp-json\/wp\/v2\/comments?post=5435"}],"version-history":[{"count":1,"href":"https:\/\/develop.immobilienbusiness.ch\/de\/wp-json\/wp\/v2\/posts\/5435\/revisions"}],"predecessor-version":[{"id":5436,"href":"https:\/\/develop.immobilienbusiness.ch\/de\/wp-json\/wp\/v2\/posts\/5435\/revisions\/5436"}],"wp:attachment":[{"href":"https:\/\/develop.immobilienbusiness.ch\/de\/wp-json\/wp\/v2\/media?parent=5435"}],"wp:term":[{"taxonomy":"category","embeddable":true,"href":"https:\/\/develop.immobilienbusiness.ch\/de\/wp-json\/wp\/v2\/categories?post=5435"},{"taxonomy":"post_tag","embeddable":true,"href":"https:\/\/develop.immobilienbusiness.ch\/de\/wp-json\/wp\/v2\/tags?post=5435"}],"curies":[{"name":"wp","href":"https:\/\/api.w.org\/{rel}","templated":true}]}}