{"id":5259,"date":"2023-05-26T09:45:52","date_gmt":"2023-05-26T07:45:52","guid":{"rendered":"https:\/\/develop.immobilienbusiness.ch\/?p=5259"},"modified":"2023-05-26T09:45:52","modified_gmt":"2023-05-26T07:45:52","slug":"wuerenlingen-ag-24-eigentumswohnungen-im-bau","status":"publish","type":"post","link":"https:\/\/develop.immobilienbusiness.ch\/de\/ib\/2023-05-26\/wuerenlingen-ag-24-eigentumswohnungen-im-bau\/","title":{"rendered":"W\u00fcrenlingen (AG): 24 Eigentumswohnungen im Bau"},"content":{"rendered":"<p>In W\u00fcrenlingen (AG) baut die Markstein AG aus Baden zwei Mehrfamilienh\u00e4user mit 24 Eigentumswohnungen in der Tegerfelderstrasse 12. Das Projekt \u00abObstgarten\u00bb bietet Wohnungen mit 2,5 bis 4,5 Zimmern. Bezugstermin ist Sommer 2024. Laut \u00abAargauer Zeitung\u00bb fand der Spatenstich im April statt, die Wohnungen sind 58 bis 113 qm gross. <em>(aw)<\/em><\/p>\n","protected":false},"excerpt":{"rendered":"<p>Die Markstein AG aus Baden baut bis Sommer 2024 in zentraler Lage in W\u00fcrenlingen (AG) zwei Mehrfamilienh\u00e4user.<\/p>\n","protected":false},"author":28,"featured_media":0,"comment_status":"closed","ping_status":"closed","sticky":false,"template":"","format":"standard","meta":{"_acf_changed":false,"footnotes":""},"categories":[5],"tags":[6,226,1051,216,1050],"class_list":["post-5259","post","type-post","status-publish","format-standard","hentry","category-ib","tag-ag","tag-eigentumswohnungen","tag-markstein-ag","tag-projekt-in-bau","tag-wuerenlingen"],"acf":[],"_links":{"self":[{"href":"https:\/\/develop.immobilienbusiness.ch\/de\/wp-json\/wp\/v2\/posts\/5259","targetHints":{"allow":["GET"]}}],"collection":[{"href":"https:\/\/develop.immobilienbusiness.ch\/de\/wp-json\/wp\/v2\/posts"}],"about":[{"href":"https:\/\/develop.immobilienbusiness.ch\/de\/wp-json\/wp\/v2\/types\/post"}],"author":[{"embeddable":true,"href":"https:\/\/develop.immobilienbusiness.ch\/de\/wp-json\/wp\/v2\/users\/28"}],"replies":[{"embeddable":true,"href":"https:\/\/develop.immobilienbusiness.ch\/de\/wp-json\/wp\/v2\/comments?post=5259"}],"version-history":[{"count":1,"href":"https:\/\/develop.immobilienbusiness.ch\/de\/wp-json\/wp\/v2\/posts\/5259\/revisions"}],"predecessor-version":[{"id":5260,"href":"https:\/\/develop.immobilienbusiness.ch\/de\/wp-json\/wp\/v2\/posts\/5259\/revisions\/5260"}],"wp:attachment":[{"href":"https:\/\/develop.immobilienbusiness.ch\/de\/wp-json\/wp\/v2\/media?parent=5259"}],"wp:term":[{"taxonomy":"category","embeddable":true,"href":"https:\/\/develop.immobilienbusiness.ch\/de\/wp-json\/wp\/v2\/categories?post=5259"},{"taxonomy":"post_tag","embeddable":true,"href":"https:\/\/develop.immobilienbusiness.ch\/de\/wp-json\/wp\/v2\/tags?post=5259"}],"curies":[{"name":"wp","href":"https:\/\/api.w.org\/{rel}","templated":true}]}}