{"id":519,"date":"2020-07-03T09:11:17","date_gmt":"2020-07-03T07:11:17","guid":{"rendered":"https:\/\/develop.immobilienbusiness.ch\/de\/allgemein\/2020-07-03\/pratteln-momax-mietet-im-ruti-center\/"},"modified":"2020-07-03T09:11:17","modified_gmt":"2020-07-03T07:11:17","slug":"pratteln-momax-mietet-im-ruti-center","status":"publish","type":"post","link":"https:\/\/develop.immobilienbusiness.ch\/de\/ib\/2020-07-03\/pratteln-momax-mietet-im-ruti-center\/","title":{"rendered":"Pratteln: M\u00f6max mietet im R\u00fcti Center"},"content":{"rendered":"<p>Wie Helvetica Property mitteilt, sei mit M\u00f6max, einer Vertriebslinie der \u00f6sterreichischen XXXLutz Gruppe, ein Mietvertrag \u00fcber zehn Jahre unterzeichnet worden. M\u00f6max \u00fcbernimmt Retail-Fl\u00e4chen von mehr als 6.500 qm der bisherigen Mieterin Interio.<\/p>\n<p>Mit M\u00f6max als neuem Ankermieter werde ein weiterer Meilenstein in der strategischen Transformation und Weiterentwicklung des gesamten R\u00fcti Centers erreicht, so Helvetica Property. Das Fachmarktzentrum erstreckt sich \u00fcber f\u00fcnf Geb\u00e4ude am R\u00fctiweg am Dorfrand von Pratteln, in unmittelbarer N\u00e4he zur Autobahn. Es umfasst 19.300 qm Verkaufsfl\u00e4che und 500 Parkpl\u00e4tze.<\/p>\n","protected":false},"excerpt":{"rendered":"<p>Das M\u00f6belhaus M\u00f6max mietet rund 6.500 qm im R\u00fcti Center in Pratteln (BL).<\/p>\n","protected":false},"author":23,"featured_media":0,"comment_status":"closed","ping_status":"closed","sticky":false,"template":"","format":"standard","meta":{"_acf_changed":false,"footnotes":""},"categories":[5],"tags":[18,16,40],"class_list":["post-519","post","type-post","status-publish","format-standard","hentry","category-ib","tag-bl","tag-retail","tag-vermietung"],"acf":[],"_links":{"self":[{"href":"https:\/\/develop.immobilienbusiness.ch\/de\/wp-json\/wp\/v2\/posts\/519","targetHints":{"allow":["GET"]}}],"collection":[{"href":"https:\/\/develop.immobilienbusiness.ch\/de\/wp-json\/wp\/v2\/posts"}],"about":[{"href":"https:\/\/develop.immobilienbusiness.ch\/de\/wp-json\/wp\/v2\/types\/post"}],"author":[{"embeddable":true,"href":"https:\/\/develop.immobilienbusiness.ch\/de\/wp-json\/wp\/v2\/users\/23"}],"replies":[{"embeddable":true,"href":"https:\/\/develop.immobilienbusiness.ch\/de\/wp-json\/wp\/v2\/comments?post=519"}],"version-history":[{"count":0,"href":"https:\/\/develop.immobilienbusiness.ch\/de\/wp-json\/wp\/v2\/posts\/519\/revisions"}],"wp:attachment":[{"href":"https:\/\/develop.immobilienbusiness.ch\/de\/wp-json\/wp\/v2\/media?parent=519"}],"wp:term":[{"taxonomy":"category","embeddable":true,"href":"https:\/\/develop.immobilienbusiness.ch\/de\/wp-json\/wp\/v2\/categories?post=519"},{"taxonomy":"post_tag","embeddable":true,"href":"https:\/\/develop.immobilienbusiness.ch\/de\/wp-json\/wp\/v2\/tags?post=519"}],"curies":[{"name":"wp","href":"https:\/\/api.w.org\/{rel}","templated":true}]}}