{"id":514,"date":"2020-07-02T09:26:11","date_gmt":"2020-07-02T07:26:11","guid":{"rendered":"https:\/\/develop.immobilienbusiness.ch\/de\/allgemein\/2020-07-02\/wettbewerb-fur-lukb-projekt-in-emmen-ist-entschieden\/"},"modified":"2020-07-02T09:26:11","modified_gmt":"2020-07-02T07:26:11","slug":"wettbewerb-fur-lukb-projekt-in-emmen-ist-entschieden","status":"publish","type":"post","link":"https:\/\/develop.immobilienbusiness.ch\/de\/ib\/2020-07-02\/wettbewerb-fur-lukb-projekt-in-emmen-ist-entschieden\/","title":{"rendered":"Wettbewerb f\u00fcr LUKB-Projekt in Emmen ist entschieden"},"content":{"rendered":"<p>Der Seetalplatz in Emmen, fr\u00fcher ein Verkehrsknotenpunkt, soll zu einem urbanen Ort mit B\u00fcro, Gewerbe, Dienstleistungen und Wohnm\u00f6glichkeiten werden. Die Grundst\u00fccke an der Nordostseite des Platzes, die bebaut werden sollen, stehen im Eigentum der LUKB, der Gemeinde Emmen, Privaten und dem Kanton Luzern.<\/p>\n<p>Das Baufeld A2, f\u00fcr das nun der Projektwettbewerb durchgef\u00fchrt wurde, umfasst gem\u00e4ss Bebauungsplan eine Geschossfl\u00e4che von rund 26.000 qm. Davon sind laut einer gemeinsamen Mitteilung von Losiger Marazzi und LUKB im Erdgeschoss rund 1.000 qm f\u00fcr Verkauf und Gewerbe sowie 19.000 qm f\u00fcr B\u00fcro und Dienstleistungen vorgesehen. Die LUKB will ihre Gesch\u00e4ftsstelle Emmenbr\u00fccke vom heutigen Standort an der Gerliswilstrasse 4 in den Kopfbau der \u00dcberbauung an der Ecke Seetalstrasse\/Gerliswilstrasse verlegen.<\/p>\n<p>Bis im Herbst soll das Projekt nun weiterentwickelt werden, parallel will man die Voraussetzungen f\u00fcr die<br \/>\nUmsetzung schaffen. Im zweiten Semester 2021 soll das Baugesuch eingereicht werden.<\/p>\n<p>In unmittelbarer Nachbarschaft zur geplanten \u00dcberbauung von LUKB befinden sich das Projekt 4Viertel\u00a0 der Credit Suisse, das Baufeld A1 f\u00fcr die neue Kantonale Verwaltung des Kantons Luzern (ZVSE) sowie die Baufelder B1 bis B3 mit Wohnungen sowie B\u00fcro-, Gewerbe- und Dienstleistungsr\u00e4umlichkeiten. Das Areal ist mit einem Bushof vor dem Geb\u00e4ude und dem Bahnhof mit S-Bahn-Station in n\u00e4chster N\u00e4he sehr gut an den \u00f6ffentlichen Verkehr angeschlossen.<\/p>\n","protected":false},"excerpt":{"rendered":"<p>Auf dem Baufeld A2 des Seetalplatzes in Emmen (LU) wollen die Luzerner Kantonalbank LUKB und Losinger Marazzi eine \u00dcberbauung realisieren. Umgesetzt werden soll das Projekt Metropol von Scheitlin Syfrig Architekten.<\/p>\n","protected":false},"author":23,"featured_media":0,"comment_status":"closed","ping_status":"closed","sticky":false,"template":"","format":"standard","meta":{"_acf_changed":false,"footnotes":""},"categories":[5],"tags":[7,11,10,16],"class_list":["post-514","post","type-post","status-publish","format-standard","hentry","category-ib","tag-buro","tag-in-planung","tag-lu","tag-retail"],"acf":[],"_links":{"self":[{"href":"https:\/\/develop.immobilienbusiness.ch\/de\/wp-json\/wp\/v2\/posts\/514","targetHints":{"allow":["GET"]}}],"collection":[{"href":"https:\/\/develop.immobilienbusiness.ch\/de\/wp-json\/wp\/v2\/posts"}],"about":[{"href":"https:\/\/develop.immobilienbusiness.ch\/de\/wp-json\/wp\/v2\/types\/post"}],"author":[{"embeddable":true,"href":"https:\/\/develop.immobilienbusiness.ch\/de\/wp-json\/wp\/v2\/users\/23"}],"replies":[{"embeddable":true,"href":"https:\/\/develop.immobilienbusiness.ch\/de\/wp-json\/wp\/v2\/comments?post=514"}],"version-history":[{"count":0,"href":"https:\/\/develop.immobilienbusiness.ch\/de\/wp-json\/wp\/v2\/posts\/514\/revisions"}],"wp:attachment":[{"href":"https:\/\/develop.immobilienbusiness.ch\/de\/wp-json\/wp\/v2\/media?parent=514"}],"wp:term":[{"taxonomy":"category","embeddable":true,"href":"https:\/\/develop.immobilienbusiness.ch\/de\/wp-json\/wp\/v2\/categories?post=514"},{"taxonomy":"post_tag","embeddable":true,"href":"https:\/\/develop.immobilienbusiness.ch\/de\/wp-json\/wp\/v2\/tags?post=514"}],"curies":[{"name":"wp","href":"https:\/\/api.w.org\/{rel}","templated":true}]}}