{"id":5091,"date":"2023-05-08T10:04:02","date_gmt":"2023-05-08T08:04:02","guid":{"rendered":"https:\/\/develop.immobilienbusiness.ch\/?p=5091"},"modified":"2023-05-08T10:04:02","modified_gmt":"2023-05-08T08:04:02","slug":"basel-beteiligung-fuer-stadtentwicklung-klybeck-kleinhueningen-gestartet","status":"publish","type":"post","link":"https:\/\/develop.immobilienbusiness.ch\/de\/ib\/2023-05-08\/basel-beteiligung-fuer-stadtentwicklung-klybeck-kleinhueningen-gestartet\/","title":{"rendered":"Basel: Beteiligung f\u00fcr Stadtentwicklung Klybeck-Kleinh\u00fcningen gestartet"},"content":{"rendered":"<p>Mit den Arealentwicklungen auf dem Klybeck-Areal und am Hafen entstehen in Klybeck-Kleinh\u00fcningen neue Quartiere. Daf\u00fcr erarbeitet der Kanton Basel-Stadt derzeit einen Stadtteilrichtplan und \u00f6ffnete den Prozess f\u00fcr die Beteiligung. Der Startschuss daf\u00fcr fiel im April bei einer Auftaktveranstaltung. Bis Ende 2025 soll der Stadtteilrichtplan durch den Regierungsrat beh\u00f6rdenverbindlich festgelegt werden. \u00dcber den aktuellen Stand der Planungen informiert der Kanton auf einer <a href=\"https:\/\/klybeck-kleinh\u00fcningen.ch\/\" target=\"_blank\" rel=\"noopener\">neu erstellen Webseite<\/a>.<\/p>\n<p>Auf den ehemaligen Werkarealen im Klybeck und den Hafenarealen am Klybeckquai und Westquai sollen durchmischte Quartiere entstehen, mit Wohnraum und Arbeitspl\u00e4tzen f\u00fcr 20.000 Menschen. \u00dcber neue Br\u00fccken sollen sich die Quartiere mit Huningue und Weil am Rhein zu einem trinationalen Stadtteil am Wasser verbinden.<\/p>\n<p>&nbsp;<\/p>\n<p>&nbsp;<\/p>\n<p>&nbsp;<\/p>\n<p>&nbsp;<\/p>\n<p>&nbsp;<\/p>\n","protected":false},"excerpt":{"rendered":"<p>In Basel hat der Kanton f\u00fcr das Projekt Klybeck-Kleinh\u00fcnigen den Beteiligungsprozess er\u00f6ffnet und eine neues Informationsportal in Betrieb genommen.<\/p>\n","protected":false},"author":28,"featured_media":0,"comment_status":"closed","ping_status":"closed","sticky":false,"template":"","format":"standard","meta":{"_acf_changed":false,"footnotes":""},"categories":[5],"tags":[150,2,7,96,273,16,203],"class_list":["post-5091","post","type-post","status-publish","format-standard","hentry","category-ib","tag-basel","tag-bs","tag-buro","tag-projekt-in-planung","tag-quartiere","tag-retail","tag-wohnungen"],"acf":[],"_links":{"self":[{"href":"https:\/\/develop.immobilienbusiness.ch\/de\/wp-json\/wp\/v2\/posts\/5091","targetHints":{"allow":["GET"]}}],"collection":[{"href":"https:\/\/develop.immobilienbusiness.ch\/de\/wp-json\/wp\/v2\/posts"}],"about":[{"href":"https:\/\/develop.immobilienbusiness.ch\/de\/wp-json\/wp\/v2\/types\/post"}],"author":[{"embeddable":true,"href":"https:\/\/develop.immobilienbusiness.ch\/de\/wp-json\/wp\/v2\/users\/28"}],"replies":[{"embeddable":true,"href":"https:\/\/develop.immobilienbusiness.ch\/de\/wp-json\/wp\/v2\/comments?post=5091"}],"version-history":[{"count":1,"href":"https:\/\/develop.immobilienbusiness.ch\/de\/wp-json\/wp\/v2\/posts\/5091\/revisions"}],"predecessor-version":[{"id":5092,"href":"https:\/\/develop.immobilienbusiness.ch\/de\/wp-json\/wp\/v2\/posts\/5091\/revisions\/5092"}],"wp:attachment":[{"href":"https:\/\/develop.immobilienbusiness.ch\/de\/wp-json\/wp\/v2\/media?parent=5091"}],"wp:term":[{"taxonomy":"category","embeddable":true,"href":"https:\/\/develop.immobilienbusiness.ch\/de\/wp-json\/wp\/v2\/categories?post=5091"},{"taxonomy":"post_tag","embeddable":true,"href":"https:\/\/develop.immobilienbusiness.ch\/de\/wp-json\/wp\/v2\/tags?post=5091"}],"curies":[{"name":"wp","href":"https:\/\/api.w.org\/{rel}","templated":true}]}}