{"id":499,"date":"2020-06-29T17:51:53","date_gmt":"2020-06-29T15:51:53","guid":{"rendered":"https:\/\/develop.immobilienbusiness.ch\/de\/allgemein\/2020-06-29\/thun-previs-vorsorge-plant-ersatzneubauten\/"},"modified":"2020-06-29T17:51:53","modified_gmt":"2020-06-29T15:51:53","slug":"thun-previs-vorsorge-plant-ersatzneubauten","status":"publish","type":"post","link":"https:\/\/develop.immobilienbusiness.ch\/de\/ib\/2020-06-29\/thun-previs-vorsorge-plant-ersatzneubauten\/","title":{"rendered":"Thun: Previs Vorsorge plant Ersatzneubauten"},"content":{"rendered":"<p>Die Liegenschaften der Pensionskasse Previs Vorsorge befinden sich an der Bubenberg- und von May-Strasse im Bostudenquartier von Thun und stammen aus den 1980er Jahren. Eine Sanierung ist laut einer Mitteilung der Stadt Thun aus energetisch-\u00f6kologischen, st\u00e4dtebaulichen und wirtschaftlichen Gr\u00fcnden keine Option, daher will die Pensionskasse eine neue \u00dcberbauung erstellen lassen.<\/p>\n<p>Die daf\u00fcr notwendige Zonenplan\u00e4nderung (ZPP) sei bei der Mitwirkung auf breite Akzeptanz gestossen, so die Stadt Thun. Man wolle jedoch Vorschriften zur Bepflanzung der Geb\u00e4ude und des Aussenraums detaillierter festlegen. Weitere qualit\u00e4tssichernde Kriterien k\u00f6nnen sp\u00e4ter beim Architekturwettbewerb aufgenommen werden. Zudem wird in der ZPP festgeschrieben, dass die Bauherrschaft ein Betriebskonzept Mobilit\u00e4t sowie ein Energieversorgungs- und Energieanwendungskonzept vorlegen muss.<\/p>\n<p>Die Forderung nach einem Anteil von 30% bis 40% f\u00fcr gemeinn\u00fctzigen Wohnungsbau respektive f\u00fcr preisg\u00fcnstigen Mietwohnraum, die bei der Mitwirkung erhoben wurde, gehe man jedoch nicht ein, so die Stadt Thun weiter. Das Areal der Previs im Bostudenquartier sei daf\u00fcr nicht geeignet.<\/p>\n<p>Die ZPP wird voraussichtlich im Fr\u00fchling 2021 im Thuner Stadtrat behandelt; im Sommer 2021 soll die rechtsg\u00fcltige Planung vorliegen. Dann folgen der Architekturwettbewerb und das anschliessende Baubewilligungsverfahren.<\/p>\n","protected":false},"excerpt":{"rendered":"<p>Die Pensionskasse Previs Vorsorge will drei Geb\u00e4udekomplexe im Bostudenquartier in Thun (BE) abreissen und durch eine Wohn\u00fcberbauung ersetzen.<\/p>\n","protected":false},"author":23,"featured_media":0,"comment_status":"closed","ping_status":"closed","sticky":false,"template":"","format":"standard","meta":{"_acf_changed":false,"footnotes":""},"categories":[5],"tags":[25,11,4],"class_list":["post-499","post","type-post","status-publish","format-standard","hentry","category-ib","tag-be","tag-in-planung","tag-mehrfamilienhaus-miete"],"acf":[],"_links":{"self":[{"href":"https:\/\/develop.immobilienbusiness.ch\/de\/wp-json\/wp\/v2\/posts\/499","targetHints":{"allow":["GET"]}}],"collection":[{"href":"https:\/\/develop.immobilienbusiness.ch\/de\/wp-json\/wp\/v2\/posts"}],"about":[{"href":"https:\/\/develop.immobilienbusiness.ch\/de\/wp-json\/wp\/v2\/types\/post"}],"author":[{"embeddable":true,"href":"https:\/\/develop.immobilienbusiness.ch\/de\/wp-json\/wp\/v2\/users\/23"}],"replies":[{"embeddable":true,"href":"https:\/\/develop.immobilienbusiness.ch\/de\/wp-json\/wp\/v2\/comments?post=499"}],"version-history":[{"count":0,"href":"https:\/\/develop.immobilienbusiness.ch\/de\/wp-json\/wp\/v2\/posts\/499\/revisions"}],"wp:attachment":[{"href":"https:\/\/develop.immobilienbusiness.ch\/de\/wp-json\/wp\/v2\/media?parent=499"}],"wp:term":[{"taxonomy":"category","embeddable":true,"href":"https:\/\/develop.immobilienbusiness.ch\/de\/wp-json\/wp\/v2\/categories?post=499"},{"taxonomy":"post_tag","embeddable":true,"href":"https:\/\/develop.immobilienbusiness.ch\/de\/wp-json\/wp\/v2\/tags?post=499"}],"curies":[{"name":"wp","href":"https:\/\/api.w.org\/{rel}","templated":true}]}}