{"id":497,"date":"2020-06-29T09:35:19","date_gmt":"2020-06-29T07:35:19","guid":{"rendered":"https:\/\/develop.immobilienbusiness.ch\/de\/allgemein\/2020-06-29\/pensimo-mutationen-im-verwaltungsrat\/"},"modified":"2020-06-29T09:35:19","modified_gmt":"2020-06-29T07:35:19","slug":"pensimo-mutationen-im-verwaltungsrat","status":"publish","type":"post","link":"https:\/\/develop.immobilienbusiness.ch\/de\/ib\/2020-06-29\/pensimo-mutationen-im-verwaltungsrat\/","title":{"rendered":"Pensimo: Mutationen im Verwaltungsrat"},"content":{"rendered":"<p>Richard Hunziker ist zur Generalversammlung vom 4. Juni 2020 von seinem Mandat als Pr\u00e4sident des Verwaltungsrats der Pensimo Management AG \u00a0zur\u00fcckgetreten. Auch die VR-Mitglieder Prof. Dr. Simon Grand und Anna Trottmann sind ausgeschieden. Neu in den Verwaltungsrat gew\u00e4hlt wurde Astrid Heymann, und zum neuen Pr\u00e4sidenten wurde der bisherige Vizepr\u00e4sident Othmar St\u00f6ckli ernannt. Neuer Vizepr\u00e4sident ist das bisherige Mitglied Andi Hoppler.<\/p>\n<p>Richard Hunziker ist &#8211; wie bereits 2018 angek\u00fcndigt &#8211; nicht nur vom Amt des VR-Pr\u00e4sidenten zur\u00fcckgetreten, sondern hat auch seine Positionen als Vizepr\u00e4sident des Verwaltungsrates der Pensimo Fondsleitung AG, Vizepr\u00e4sident des Stiftungsrates der Anlagestiftung Pensimo, Mitglied des Stiftungsrates der Anlagestiftung Testina, Pr\u00e4sident der Anlagekommission Pensimo und Mitglied der Anlagekommissionen Adimora und Turidomus abgegeben. Othmar St\u00f6ckli \u00fcbernimmt nun auch diese Aufgaben.<\/p>\n<p>Hunziker ist 1991 in die Schmidheiny-Gruppe eingetreten und hat dort bald darauf die Verantwortung f\u00fcr die Pensimo \u00fcbernommen. \u00dcber die folgenden fast 30 Jahre hat er die Gesellschaft weiter entwickelt &#8211; heute ist Pensimo ein Instrument f\u00fcr Vorsorgeeinrichtungen f\u00fcr die gemeinschaftliche Anlage in Immobilien mit einem Volumen gut 10 Milliarden CHF.<\/p>\n<p>Ebenfalls den Verwaltungsrat verlassen haben Prof. Dr. Simon Grand und Anna Rottmann. Grand wurde im\u00a0April 2012 als erstes unabh\u00e4ngiges, das heisst nicht aus dem\u00a0Kreis der Anleger stammendes Mitglied in den Verwaltungsrat der Pensimo Management AG gew\u00e4hlt.\u00a0Anna Trottmann geh\u00f6rte dem Verwaltungsrat erst seit der letztj\u00e4hrigen Generalversammlung an; sie ist nun aus beruflichen Gr\u00fcnden wieder zur\u00fcckgetreten. An der Generalversammlung 2021 soll ein Vorschlag f\u00fcr ihre Nachfolge unterbreitet werden.<\/p>\n<p>Neu in den VR gew\u00e4hlt wurde Astrid Heymann.\u00a0Sie ist Architektin und hat einen Master of Science in Real Estate, CUREM Z\u00fcrich. Nach T\u00e4tigkeiten in verschiedenen Architekturb\u00fcros in Deutschland und in der Schweiz arbeitete sie zwischen 2009 und 2016 als Portfoliomanagerin bei der Pensimo Management AG. Seit 2016 ist sie Direktorin Liegenschaften Stadt Z\u00fcrich.<\/p>\n","protected":false},"excerpt":{"rendered":"<p>Richard Hunziker, Simon Grand und Anna Rottmann sind aus dem Verwaltungsrat der Pensimo Management AG ausgeschieden. Neu wurde Astrid Heymann in das Gremium gew\u00e4hlt.<\/p>\n","protected":false},"author":23,"featured_media":0,"comment_status":"closed","ping_status":"closed","sticky":false,"template":"","format":"standard","meta":{"_acf_changed":false,"footnotes":""},"categories":[5],"tags":[45],"class_list":["post-497","post","type-post","status-publish","format-standard","hentry","category-ib","tag-asset-manager"],"acf":[],"_links":{"self":[{"href":"https:\/\/develop.immobilienbusiness.ch\/de\/wp-json\/wp\/v2\/posts\/497","targetHints":{"allow":["GET"]}}],"collection":[{"href":"https:\/\/develop.immobilienbusiness.ch\/de\/wp-json\/wp\/v2\/posts"}],"about":[{"href":"https:\/\/develop.immobilienbusiness.ch\/de\/wp-json\/wp\/v2\/types\/post"}],"author":[{"embeddable":true,"href":"https:\/\/develop.immobilienbusiness.ch\/de\/wp-json\/wp\/v2\/users\/23"}],"replies":[{"embeddable":true,"href":"https:\/\/develop.immobilienbusiness.ch\/de\/wp-json\/wp\/v2\/comments?post=497"}],"version-history":[{"count":0,"href":"https:\/\/develop.immobilienbusiness.ch\/de\/wp-json\/wp\/v2\/posts\/497\/revisions"}],"wp:attachment":[{"href":"https:\/\/develop.immobilienbusiness.ch\/de\/wp-json\/wp\/v2\/media?parent=497"}],"wp:term":[{"taxonomy":"category","embeddable":true,"href":"https:\/\/develop.immobilienbusiness.ch\/de\/wp-json\/wp\/v2\/categories?post=497"},{"taxonomy":"post_tag","embeddable":true,"href":"https:\/\/develop.immobilienbusiness.ch\/de\/wp-json\/wp\/v2\/tags?post=497"}],"curies":[{"name":"wp","href":"https:\/\/api.w.org\/{rel}","templated":true}]}}