{"id":4643,"date":"2023-03-07T19:23:24","date_gmt":"2023-03-07T18:23:24","guid":{"rendered":"https:\/\/develop.immobilienbusiness.ch\/?p=4643"},"modified":"2023-03-07T19:23:24","modified_gmt":"2023-03-07T18:23:24","slug":"zuerich-turidomus-arrondiert-in-altstetten","status":"publish","type":"post","link":"https:\/\/develop.immobilienbusiness.ch\/de\/ib\/2023-03-07\/zuerich-turidomus-arrondiert-in-altstetten\/","title":{"rendered":"Z\u00fcrich: Turidomus arrondiert in Altstetten"},"content":{"rendered":"<p>Die Anlagestiftung Turidomus hat die Gesch\u00e4ftsliegenschaft Albulastrasse 57 in Altstetten erworben. Die Transaktion erfolgte Anfang 2023 im Rahmen eines Asset-Deals und ist eine Arrondierung zur Bestandsliegenschaft an der Albulastrasse 55, welche der Anlagegruppe Proreal geh\u00f6rt.<\/p>\n<p>Das Geb\u00e4ude wurde 1985 in der Industriezone (I2) erstellt und ist im Jahr 1997 in die nutzungsneutrale sechsgeschossige Zentrumszone (Z6) umgezont worden. Heute ist es mehrheitlich f\u00fcr B\u00fcronutzungen vermietet. In den kommenden Jahren ist eine umfassende Transformation inklusive Aufstockung und Aktivierung der Ausn\u00fctzungsreserven geplant.<\/p>\n<p>Die Liegenschaft befindet sich im Quartier Z\u00fcrich-Altstetten. Die unmittelbare Nachbarschaft ist in den vergangenen Jahren durch hochwertige Bauten aufgewertet worden. Die starkfrequentierte Europabr\u00fccke begrenzt im Westen das Areal. <i>(aw)<\/i><\/p>\n<p>&nbsp;<\/p>\n","protected":false},"excerpt":{"rendered":"<p>F\u00fcr die Anlagegruppe Proreal hat die Turidomus die Immobilie Albulastrasse 57 in Z\u00fcrich-Altstetten erworben und will das B\u00fcrohaus transformieren.<\/p>\n","protected":false},"author":28,"featured_media":0,"comment_status":"closed","ping_status":"closed","sticky":false,"template":"","format":"standard","meta":{"_acf_changed":false,"footnotes":""},"categories":[5],"tags":[],"class_list":["post-4643","post","type-post","status-publish","format-standard","hentry","category-ib"],"acf":[],"_links":{"self":[{"href":"https:\/\/develop.immobilienbusiness.ch\/de\/wp-json\/wp\/v2\/posts\/4643","targetHints":{"allow":["GET"]}}],"collection":[{"href":"https:\/\/develop.immobilienbusiness.ch\/de\/wp-json\/wp\/v2\/posts"}],"about":[{"href":"https:\/\/develop.immobilienbusiness.ch\/de\/wp-json\/wp\/v2\/types\/post"}],"author":[{"embeddable":true,"href":"https:\/\/develop.immobilienbusiness.ch\/de\/wp-json\/wp\/v2\/users\/28"}],"replies":[{"embeddable":true,"href":"https:\/\/develop.immobilienbusiness.ch\/de\/wp-json\/wp\/v2\/comments?post=4643"}],"version-history":[{"count":1,"href":"https:\/\/develop.immobilienbusiness.ch\/de\/wp-json\/wp\/v2\/posts\/4643\/revisions"}],"predecessor-version":[{"id":4644,"href":"https:\/\/develop.immobilienbusiness.ch\/de\/wp-json\/wp\/v2\/posts\/4643\/revisions\/4644"}],"wp:attachment":[{"href":"https:\/\/develop.immobilienbusiness.ch\/de\/wp-json\/wp\/v2\/media?parent=4643"}],"wp:term":[{"taxonomy":"category","embeddable":true,"href":"https:\/\/develop.immobilienbusiness.ch\/de\/wp-json\/wp\/v2\/categories?post=4643"},{"taxonomy":"post_tag","embeddable":true,"href":"https:\/\/develop.immobilienbusiness.ch\/de\/wp-json\/wp\/v2\/tags?post=4643"}],"curies":[{"name":"wp","href":"https:\/\/api.w.org\/{rel}","templated":true}]}}