{"id":4628,"date":"2023-02-28T09:11:06","date_gmt":"2023-02-28T08:11:06","guid":{"rendered":"https:\/\/develop.immobilienbusiness.ch\/?p=4628"},"modified":"2023-02-28T09:11:06","modified_gmt":"2023-02-28T08:11:06","slug":"zuerich-kein-zusaetzlicher-wohnraum-am-seeufer-wollishofen","status":"publish","type":"post","link":"https:\/\/develop.immobilienbusiness.ch\/de\/ib\/2023-02-28\/zuerich-kein-zusaetzlicher-wohnraum-am-seeufer-wollishofen\/","title":{"rendered":"Z\u00fcrich: Kein zus\u00e4tzlicher Wohnraum am \u00abSeeufer Wollishofen\u00bb"},"content":{"rendered":"<p>Wie die Stadt Z\u00fcrich mitteilt, ist die Testplanung f\u00fcr das Seeufergebiet von der Landiwiese bis zur Roten Fabrik abgeschlossen. Die Prinzipien und Schl\u00fcsse aus der Testplanung sind in einem Schlussbericht festgehalten worden, nun sollen sie in einem Masterplan gesch\u00e4rft werden. Im Sommer 2023 wird dieser dem Stadtrat zum Beschluss vorgelegt werden. Erst dieser Masterplan wird schliesslich die verbindliche Grundlage f\u00fcr mittel- und langfristige Umsetzungsschritte mit Zeithorizont bis 2040 bilden.<\/p>\n<p>Das Begleitgremium der Testplanung empfiehlt, das\u00a0 Seeufergebiet in seiner Vielfalt zu erhalten und k\u00fcnftig besser f\u00fcr die Allgemeinheit zug\u00e4nglich zu machen. Gewerbliche, soziokulturelle und kulturelle Nutzungen sind vorgesehen. Dabei ist laut Begleitgremium mittel- und langfristig eine grossz\u00fcgige Erweiterung des Freiraums im Gebiet n\u00f6tig, um der Nachfrage der Stadt- und Quartierbev\u00f6lkerung wie auch der Lage am See gerecht zu werden. Die industrielle Pr\u00e4gung des Seeufers Wollishofen soll dabei weiterhin erkennbar bleiben, w\u00e4hrend verbesserte Fusswege das Seeufer Wollishofen und den bestehenden Seeuferweg in Zukunft besser mit dem angrenzenden Strassenraum, den \u00f6ffentlichen Verkehrsmitteln und dem umliegenden Quartier vernetzen sollen.<\/p>\n<h3>Kein zus\u00e4tzlicher Wohnraum<\/h3>\n<p>Die Testplanung ergab in der Nachbarschaft der Roten Fabrik, des GZ Wollishofen und der \u00f6ffentlichen Frei- und Gr\u00fcnfl\u00e4chen am See keine zweckm\u00e4ssige Lagen f\u00fcr Wohnungen. \u00abDie entsprechenden Ruhe- und R\u00fcckzugsbed\u00fcrfnisse w\u00e4ren mit den heutigen und den angestrebten Nutzungen nicht vereinbar\u00bb, heisst es im Bericht. Grundlage f\u00fcr die Testplanung ist eine Motion aus dem Z\u00fcrcher Gemeinderat, die den Stadtrat mit einer Gebietsplanung im Perimeter beauftragt. Der Planungsprozess bezog die verschiedenen Nutzer vor Ort, die Quartierbev\u00f6lkerung wie auch die Grundeigent\u00fcmerschaften im Perimeter mit ein. An zwei Workshops wurden die st\u00e4dtebaulichen Entw\u00fcrfe von drei externen, interdisziplin\u00e4ren Planungsteams diskutiert und Hinweise zur weiteren Bearbeitung gesammelt. <em>(aw)<\/em><\/p>\n","protected":false},"excerpt":{"rendered":"<p>Die Testplanung f\u00fcr das Gebiet zwischen Landiwiese und Rote Fabrik in Z\u00fcrich ergab kein Potenzial f\u00fcr zus\u00e4tzliche Wohnungen.<\/p>\n","protected":false},"author":28,"featured_media":0,"comment_status":"closed","ping_status":"closed","sticky":false,"template":"","format":"standard","meta":{"_acf_changed":false,"footnotes":""},"categories":[5],"tags":[229,750,96,446,203,123],"class_list":["post-4628","post","type-post","status-publish","format-standard","hentry","category-ib","tag-gewerbe","tag-kultur","tag-projekt-in-planung","tag-stadtplanung","tag-wohnungen","tag-zuerich"],"acf":[],"_links":{"self":[{"href":"https:\/\/develop.immobilienbusiness.ch\/de\/wp-json\/wp\/v2\/posts\/4628","targetHints":{"allow":["GET"]}}],"collection":[{"href":"https:\/\/develop.immobilienbusiness.ch\/de\/wp-json\/wp\/v2\/posts"}],"about":[{"href":"https:\/\/develop.immobilienbusiness.ch\/de\/wp-json\/wp\/v2\/types\/post"}],"author":[{"embeddable":true,"href":"https:\/\/develop.immobilienbusiness.ch\/de\/wp-json\/wp\/v2\/users\/28"}],"replies":[{"embeddable":true,"href":"https:\/\/develop.immobilienbusiness.ch\/de\/wp-json\/wp\/v2\/comments?post=4628"}],"version-history":[{"count":1,"href":"https:\/\/develop.immobilienbusiness.ch\/de\/wp-json\/wp\/v2\/posts\/4628\/revisions"}],"predecessor-version":[{"id":4629,"href":"https:\/\/develop.immobilienbusiness.ch\/de\/wp-json\/wp\/v2\/posts\/4628\/revisions\/4629"}],"wp:attachment":[{"href":"https:\/\/develop.immobilienbusiness.ch\/de\/wp-json\/wp\/v2\/media?parent=4628"}],"wp:term":[{"taxonomy":"category","embeddable":true,"href":"https:\/\/develop.immobilienbusiness.ch\/de\/wp-json\/wp\/v2\/categories?post=4628"},{"taxonomy":"post_tag","embeddable":true,"href":"https:\/\/develop.immobilienbusiness.ch\/de\/wp-json\/wp\/v2\/tags?post=4628"}],"curies":[{"name":"wp","href":"https:\/\/api.w.org\/{rel}","templated":true}]}}