{"id":456,"date":"2020-06-23T09:11:40","date_gmt":"2020-06-23T07:11:40","guid":{"rendered":"https:\/\/develop.immobilienbusiness.ch\/de\/allgemein\/2020-06-23\/bern-coop-eroffnet-in-wankdorf-city\/"},"modified":"2020-06-23T09:11:40","modified_gmt":"2020-06-23T07:11:40","slug":"bern-coop-eroffnet-in-wankdorf-city","status":"publish","type":"post","link":"https:\/\/develop.immobilienbusiness.ch\/de\/ib\/2020-06-23\/bern-coop-eroffnet-in-wankdorf-city\/","title":{"rendered":"Bern: Coop er\u00f6ffnet in Wankdorf City"},"content":{"rendered":"<p><span><span><span>Trio besteht aus drei Geb\u00e4uden und bildet das Endst\u00fcck von Wankdorf City; das Projekt wurde von Losinger Marazzi als Gesamtunternehmerin realisiert. Ende Mai hat dort eine 155 qm grosse Filiale von Coop ihre Tore ge\u00f6ffnet. Das Gesch\u00e4ft will den Nutzern des neuen Quartiers, zum gr\u00f6ssten Teil Pendler, eine weitere M\u00f6glichkeit geben, sich in der N\u00e4he des Arbeitsplatzes zu verpflegen und Eink\u00e4ufe zu erledigen.<\/span><\/span><\/span><\/p>\n","protected":false},"excerpt":{"rendered":"<p><span><span><span>Im Berner Viertel Wankdorf City gibt es eine weitere Einkaufsm\u00f6glichkeit. Ende Mai hat eine Coop-Filiale in der \u00dcberbauung Trio er\u00f6ffnet.<\/span><\/span><\/span><\/p>\n","protected":false},"author":23,"featured_media":0,"comment_status":"closed","ping_status":"closed","sticky":false,"template":"","format":"standard","meta":{"_acf_changed":false,"footnotes":""},"categories":[5],"tags":[25,16],"class_list":["post-456","post","type-post","status-publish","format-standard","hentry","category-ib","tag-be","tag-retail"],"acf":[],"_links":{"self":[{"href":"https:\/\/develop.immobilienbusiness.ch\/de\/wp-json\/wp\/v2\/posts\/456","targetHints":{"allow":["GET"]}}],"collection":[{"href":"https:\/\/develop.immobilienbusiness.ch\/de\/wp-json\/wp\/v2\/posts"}],"about":[{"href":"https:\/\/develop.immobilienbusiness.ch\/de\/wp-json\/wp\/v2\/types\/post"}],"author":[{"embeddable":true,"href":"https:\/\/develop.immobilienbusiness.ch\/de\/wp-json\/wp\/v2\/users\/23"}],"replies":[{"embeddable":true,"href":"https:\/\/develop.immobilienbusiness.ch\/de\/wp-json\/wp\/v2\/comments?post=456"}],"version-history":[{"count":0,"href":"https:\/\/develop.immobilienbusiness.ch\/de\/wp-json\/wp\/v2\/posts\/456\/revisions"}],"wp:attachment":[{"href":"https:\/\/develop.immobilienbusiness.ch\/de\/wp-json\/wp\/v2\/media?parent=456"}],"wp:term":[{"taxonomy":"category","embeddable":true,"href":"https:\/\/develop.immobilienbusiness.ch\/de\/wp-json\/wp\/v2\/categories?post=456"},{"taxonomy":"post_tag","embeddable":true,"href":"https:\/\/develop.immobilienbusiness.ch\/de\/wp-json\/wp\/v2\/tags?post=456"}],"curies":[{"name":"wp","href":"https:\/\/api.w.org\/{rel}","templated":true}]}}