{"id":4526,"date":"2023-02-15T19:27:48","date_gmt":"2023-02-15T18:27:48","guid":{"rendered":"https:\/\/develop.immobilienbusiness.ch\/?p=4526"},"modified":"2023-02-15T19:27:48","modified_gmt":"2023-02-15T18:27:48","slug":"migros-will-zahlreiche-kleine-laeden-in-quartieren-eroeffnen","status":"publish","type":"post","link":"https:\/\/develop.immobilienbusiness.ch\/de\/ib\/2023-02-15\/migros-will-zahlreiche-kleine-laeden-in-quartieren-eroeffnen\/","title":{"rendered":"Migros will zahlreiche kleine L\u00e4den in Quartieren er\u00f6ffnen"},"content":{"rendered":"<p>Die Migros setzt bei der Expansion vor allem auf kleine Filialen in Quartieren. Das sagte Unternehmenschef Fabrice Zumbrunnen in einem Interview mit den Zeitungen der Tamedia-Gruppe. Mittelfristig kann er sich 50 neue Verkaufsniederlassungen vorstellen, langfristig sogar 100. Die Standortfindung sei aber schwierig, sagt er. Das Konzept f\u00fcr die bestehenden Superm\u00e4rkte werde aber nicht ver\u00e4ndert \u2013 Verkleinerungen seien keine geplant. <i>(aw)<\/i><\/p>\n","protected":false},"excerpt":{"rendered":"<p>Der Detailh\u00e4ndler Migros will mit seinem Lebensmittelangebot weiter expandieren und sieht Wachstumsschancen vor allem bei kleineren Filialen in Quartieren.<\/p>\n","protected":false},"author":28,"featured_media":0,"comment_status":"closed","ping_status":"closed","sticky":false,"template":"","format":"standard","meta":{"_acf_changed":false,"footnotes":""},"categories":[5],"tags":[159,219,16],"class_list":["post-4526","post","type-post","status-publish","format-standard","hentry","category-ib","tag-migros","tag-potenzieller-nutzer","tag-retail"],"acf":[],"_links":{"self":[{"href":"https:\/\/develop.immobilienbusiness.ch\/de\/wp-json\/wp\/v2\/posts\/4526","targetHints":{"allow":["GET"]}}],"collection":[{"href":"https:\/\/develop.immobilienbusiness.ch\/de\/wp-json\/wp\/v2\/posts"}],"about":[{"href":"https:\/\/develop.immobilienbusiness.ch\/de\/wp-json\/wp\/v2\/types\/post"}],"author":[{"embeddable":true,"href":"https:\/\/develop.immobilienbusiness.ch\/de\/wp-json\/wp\/v2\/users\/28"}],"replies":[{"embeddable":true,"href":"https:\/\/develop.immobilienbusiness.ch\/de\/wp-json\/wp\/v2\/comments?post=4526"}],"version-history":[{"count":1,"href":"https:\/\/develop.immobilienbusiness.ch\/de\/wp-json\/wp\/v2\/posts\/4526\/revisions"}],"predecessor-version":[{"id":4527,"href":"https:\/\/develop.immobilienbusiness.ch\/de\/wp-json\/wp\/v2\/posts\/4526\/revisions\/4527"}],"wp:attachment":[{"href":"https:\/\/develop.immobilienbusiness.ch\/de\/wp-json\/wp\/v2\/media?parent=4526"}],"wp:term":[{"taxonomy":"category","embeddable":true,"href":"https:\/\/develop.immobilienbusiness.ch\/de\/wp-json\/wp\/v2\/categories?post=4526"},{"taxonomy":"post_tag","embeddable":true,"href":"https:\/\/develop.immobilienbusiness.ch\/de\/wp-json\/wp\/v2\/tags?post=4526"}],"curies":[{"name":"wp","href":"https:\/\/api.w.org\/{rel}","templated":true}]}}