{"id":4513,"date":"2023-02-14T09:16:12","date_gmt":"2023-02-14T08:16:12","guid":{"rendered":"https:\/\/develop.immobilienbusiness.ch\/?p=4513"},"modified":"2023-02-14T09:17:28","modified_gmt":"2023-02-14T08:17:28","slug":"wil-sg-ochsner-und-dosenbach-ziehen-in-neue-filiale-mit-2-000-qm","status":"publish","type":"post","link":"https:\/\/develop.immobilienbusiness.ch\/de\/ib\/2023-02-14\/wil-sg-ochsner-und-dosenbach-ziehen-in-neue-filiale-mit-2-000-qm\/","title":{"rendered":"Wil (SG): Ochsner und Dosenbach z\u00fcgeln in neue Filiale mit 2.000 qm"},"content":{"rendered":"<p>Ochsner Sport und Dosenbach z\u00fcgeln in Wil (SG) auf eine neue Fl\u00e4che. Laut einem Bericht des \u00abSt. Galler Tagblatts\u00bb mieten die beiden Filialisten, die zum deutschen Schuhhandelsunternehmen Deichmann geh\u00f6ren, die bisherigen Fl\u00e4chen von V\u00f6gele Shoes an der Oberen Bahnhofstrasse 20. Bisher waren Ochsner und Dosenbach in Wil an der Bahnhofstrasse 19 zu Hause. Die gr\u00f6ssere Fl\u00e4che am neuen Standort betrage 2.000 qm. Zwischennutzer Blackout er\u00f6ffnet dem Bericht zufolge im Uzwiler Coop-Center Uzwil an der Wattstrasse. <i>(aw)<\/i><\/p>\n<p>&nbsp;<\/p>\n","protected":false},"excerpt":{"rendered":"<p>In Wil (SG) werden die fr\u00fcheren Fl\u00e4chen von V\u00f6gele Shoes laut einem Zeitungsbericht bald von Ochsner und Dosenbach genutzt. Die beiden vergr\u00f6ssern sich dadurch und geben eine fr\u00fchere Fl\u00e4che auf.<\/p>\n","protected":false},"author":28,"featured_media":0,"comment_status":"closed","ping_status":"closed","sticky":false,"template":"","format":"standard","meta":{"_acf_changed":false,"footnotes":""},"categories":[5],"tags":[702,703,16,48,40,209],"class_list":["post-4513","post","type-post","status-publish","format-standard","hentry","category-ib","tag-dosenbach","tag-ochsner-sport","tag-retail","tag-sg","tag-vermietung","tag-wil"],"acf":[],"_links":{"self":[{"href":"https:\/\/develop.immobilienbusiness.ch\/de\/wp-json\/wp\/v2\/posts\/4513","targetHints":{"allow":["GET"]}}],"collection":[{"href":"https:\/\/develop.immobilienbusiness.ch\/de\/wp-json\/wp\/v2\/posts"}],"about":[{"href":"https:\/\/develop.immobilienbusiness.ch\/de\/wp-json\/wp\/v2\/types\/post"}],"author":[{"embeddable":true,"href":"https:\/\/develop.immobilienbusiness.ch\/de\/wp-json\/wp\/v2\/users\/28"}],"replies":[{"embeddable":true,"href":"https:\/\/develop.immobilienbusiness.ch\/de\/wp-json\/wp\/v2\/comments?post=4513"}],"version-history":[{"count":2,"href":"https:\/\/develop.immobilienbusiness.ch\/de\/wp-json\/wp\/v2\/posts\/4513\/revisions"}],"predecessor-version":[{"id":4515,"href":"https:\/\/develop.immobilienbusiness.ch\/de\/wp-json\/wp\/v2\/posts\/4513\/revisions\/4515"}],"wp:attachment":[{"href":"https:\/\/develop.immobilienbusiness.ch\/de\/wp-json\/wp\/v2\/media?parent=4513"}],"wp:term":[{"taxonomy":"category","embeddable":true,"href":"https:\/\/develop.immobilienbusiness.ch\/de\/wp-json\/wp\/v2\/categories?post=4513"},{"taxonomy":"post_tag","embeddable":true,"href":"https:\/\/develop.immobilienbusiness.ch\/de\/wp-json\/wp\/v2\/tags?post=4513"}],"curies":[{"name":"wp","href":"https:\/\/api.w.org\/{rel}","templated":true}]}}