{"id":4295,"date":"2023-01-10T19:56:55","date_gmt":"2023-01-10T18:56:55","guid":{"rendered":"https:\/\/develop.immobilienbusiness.ch\/?p=4295"},"modified":"2023-01-10T19:56:55","modified_gmt":"2023-01-10T18:56:55","slug":"zollikofen-be-wohnueberbauung-auf-ehemaligem-gaststaetten-areal-geplant","status":"publish","type":"post","link":"https:\/\/develop.immobilienbusiness.ch\/de\/ib\/2023-01-10\/zollikofen-be-wohnueberbauung-auf-ehemaligem-gaststaetten-areal-geplant\/","title":{"rendered":"Zollikofen (BE): Wohn\u00fcberbauung auf ehemaligem Gastst\u00e4tten-Areal geplant"},"content":{"rendered":"<p>In Zollikofen wird das Areal der fr\u00fcheren Gastst\u00e4tte \u00abB\u00e4ren\u00bb an der Bernstrasse \u00fcberbaut. Laut einer Medienmitteilung der Gemeinde steht der Beginn vorbereitender Bauarbeiten bevor. Entstehen werden Wohn- und Dienstleistungseinheiten. Fr\u00fcheren Zeitungsberichten zufolge sind 80 Wohnungen geplant. Eine Machbarkeitsstudie des B\u00fcros Altelier 5 hatte im Jahr 2017 den ersten Preis in einem Wettbewerb gewonnen. Die Studie sieht f\u00fcnf, bis zu siebengeschossige Bauk\u00f6rper vor, die einen Innenhof bilden. Das Areal misst 6.000 qm. Die Studi<\/p>\n","protected":false},"excerpt":{"rendered":"<p>Auf dem Areal des fr\u00fcheren \u00abB\u00e4ren\u00bb in Zollikofen (BE) soll mit den Bauarbeiten f\u00fcr f\u00fcnf Bauk\u00f6rper mit 80 Wohnungen und Dienstleistungsfl\u00e4chen bald begonnen werden.<\/p>\n","protected":false},"author":28,"featured_media":0,"comment_status":"closed","ping_status":"closed","sticky":false,"template":"","format":"standard","meta":{"_acf_changed":false,"footnotes":""},"categories":[5],"tags":[25,96,203,617],"class_list":["post-4295","post","type-post","status-publish","format-standard","hentry","category-ib","tag-be","tag-projekt-in-planung","tag-wohnungen","tag-zollikofen"],"acf":[],"_links":{"self":[{"href":"https:\/\/develop.immobilienbusiness.ch\/de\/wp-json\/wp\/v2\/posts\/4295","targetHints":{"allow":["GET"]}}],"collection":[{"href":"https:\/\/develop.immobilienbusiness.ch\/de\/wp-json\/wp\/v2\/posts"}],"about":[{"href":"https:\/\/develop.immobilienbusiness.ch\/de\/wp-json\/wp\/v2\/types\/post"}],"author":[{"embeddable":true,"href":"https:\/\/develop.immobilienbusiness.ch\/de\/wp-json\/wp\/v2\/users\/28"}],"replies":[{"embeddable":true,"href":"https:\/\/develop.immobilienbusiness.ch\/de\/wp-json\/wp\/v2\/comments?post=4295"}],"version-history":[{"count":1,"href":"https:\/\/develop.immobilienbusiness.ch\/de\/wp-json\/wp\/v2\/posts\/4295\/revisions"}],"predecessor-version":[{"id":4296,"href":"https:\/\/develop.immobilienbusiness.ch\/de\/wp-json\/wp\/v2\/posts\/4295\/revisions\/4296"}],"wp:attachment":[{"href":"https:\/\/develop.immobilienbusiness.ch\/de\/wp-json\/wp\/v2\/media?parent=4295"}],"wp:term":[{"taxonomy":"category","embeddable":true,"href":"https:\/\/develop.immobilienbusiness.ch\/de\/wp-json\/wp\/v2\/categories?post=4295"},{"taxonomy":"post_tag","embeddable":true,"href":"https:\/\/develop.immobilienbusiness.ch\/de\/wp-json\/wp\/v2\/tags?post=4295"}],"curies":[{"name":"wp","href":"https:\/\/api.w.org\/{rel}","templated":true}]}}