{"id":4215,"date":"2022-12-31T12:20:13","date_gmt":"2022-12-31T11:20:13","guid":{"rendered":"https:\/\/develop.immobilienbusiness.ch\/?p=4215"},"modified":"2022-12-31T12:23:39","modified_gmt":"2022-12-31T11:23:39","slug":"ebikon-baubewilligung-fuer-erste-kfc-filiale-der-zentralschweiz-steht","status":"publish","type":"post","link":"https:\/\/develop.immobilienbusiness.ch\/de\/ib\/2022-12-31\/ebikon-baubewilligung-fuer-erste-kfc-filiale-der-zentralschweiz-steht\/","title":{"rendered":"Ebikon: Baubewilligung f\u00fcr erste KFC-Filiale der Zentralschweiz steht"},"content":{"rendered":"<p>Auf dem Gel\u00e4nde des Mparc in Ebikon wird nun doch eine Filiale des Fastfood-Filialisten KFC er\u00f6ffnen. Das berichtet die \u00abLuzerner Zeitung\u00bb. Die Baubewilligung f\u00fcr die erste Gefl\u00fcgelbraterei der Kette in der Zentralschweiz sei rechtskr\u00e4ftig, best\u00e4tigte die Migros der Zeitung. Demnach d\u00fcrfte die Er\u00f6ffnung im ersten Quartal 2024 stattfinden, also einige Jahre sp\u00e4ter als urspr\u00fcnglich geplant. Die Baubewilligung f\u00fcr die Filiale, welche die Migros anstelle eines bestehenden Garagen-Geb\u00e4udes erstellt, sei allerdings auf zun\u00e4chst zehn Jahre beschr\u00e4nkt. Das h\u00e4ngt laut \u00fcbereinstimmenden Medienberichten mit einer Strassenverl\u00e4ngerung zusammen, welche die Parkplatzsituation beeintr\u00e4chtigen und den Landeigent\u00fcmer Migros zur Abtretung und zum Umbau einer Parzelle verpflichten k\u00f6nnten. <i>(aw)<\/i><\/p>\n<p>&nbsp;<\/p>\n","protected":false},"excerpt":{"rendered":"<p>Im Mparc in Ebikon darf die US-Fastfood-Kette KFC ein Schnellrestaurant ansiedeln. Die Baubewilligung gilt vorerst allerdings nur f\u00fcr zehn Jahre.<\/p>\n","protected":false},"author":28,"featured_media":0,"comment_status":"closed","ping_status":"closed","sticky":false,"template":"","format":"standard","meta":{"_acf_changed":false,"footnotes":""},"categories":[5],"tags":[161,590,159,96,16],"class_list":["post-4215","post","type-post","status-publish","format-standard","hentry","category-ib","tag-ebikon","tag-kfc","tag-migros","tag-projekt-in-planung","tag-retail"],"acf":[],"_links":{"self":[{"href":"https:\/\/develop.immobilienbusiness.ch\/de\/wp-json\/wp\/v2\/posts\/4215","targetHints":{"allow":["GET"]}}],"collection":[{"href":"https:\/\/develop.immobilienbusiness.ch\/de\/wp-json\/wp\/v2\/posts"}],"about":[{"href":"https:\/\/develop.immobilienbusiness.ch\/de\/wp-json\/wp\/v2\/types\/post"}],"author":[{"embeddable":true,"href":"https:\/\/develop.immobilienbusiness.ch\/de\/wp-json\/wp\/v2\/users\/28"}],"replies":[{"embeddable":true,"href":"https:\/\/develop.immobilienbusiness.ch\/de\/wp-json\/wp\/v2\/comments?post=4215"}],"version-history":[{"count":3,"href":"https:\/\/develop.immobilienbusiness.ch\/de\/wp-json\/wp\/v2\/posts\/4215\/revisions"}],"predecessor-version":[{"id":4218,"href":"https:\/\/develop.immobilienbusiness.ch\/de\/wp-json\/wp\/v2\/posts\/4215\/revisions\/4218"}],"wp:attachment":[{"href":"https:\/\/develop.immobilienbusiness.ch\/de\/wp-json\/wp\/v2\/media?parent=4215"}],"wp:term":[{"taxonomy":"category","embeddable":true,"href":"https:\/\/develop.immobilienbusiness.ch\/de\/wp-json\/wp\/v2\/categories?post=4215"},{"taxonomy":"post_tag","embeddable":true,"href":"https:\/\/develop.immobilienbusiness.ch\/de\/wp-json\/wp\/v2\/tags?post=4215"}],"curies":[{"name":"wp","href":"https:\/\/api.w.org\/{rel}","templated":true}]}}