{"id":4060,"date":"2022-12-12T13:56:54","date_gmt":"2022-12-12T12:56:54","guid":{"rendered":"https:\/\/develop.immobilienbusiness.ch\/?p=4060"},"modified":"2022-12-12T13:56:54","modified_gmt":"2022-12-12T12:56:54","slug":"muensingen-be-zwei-hektar-grosses-schwand-areal-mit-baurecht-zwangsversteigert","status":"publish","type":"post","link":"https:\/\/develop.immobilienbusiness.ch\/de\/ib\/2022-12-12\/muensingen-be-zwei-hektar-grosses-schwand-areal-mit-baurecht-zwangsversteigert\/","title":{"rendered":"M\u00fcnsingen (BE): Zwei Hektar grosses Schwand-Areal mit Baurecht zwangsversteigert"},"content":{"rendered":"<p>In M\u00fcnsingen (BE) hat ein Bildungsanbieter das Gel\u00e4nde der konkursiten Bio Schwand erworben. Laut \u00fcbereinstimmenden Presseberichten erhielt eine Zweckgesellschaft in einer Zwangsversteigerung den Zuschlag f\u00fcr 5 Mio. CHF. Das Konkursamt hatte den Wert des Grundst\u00fccks, seiner Bestandsgeb\u00e4ude und des Baurechts auf 8,45 Mio. CHF gesch\u00e4tzt. Laut einer Medienmitteilung der K\u00e4ufergesellschaft WBS AG \u2013 die eigens f\u00fcr diese Transaktion gegr\u00fcndet wurde &#8211; ist auf dem Gel\u00e4nde der Bau eines \u00abWohn- und Bildungszentrum f\u00fcr Menschen mit unterschiedlichem Bedarf\u00bb geplant. Hinter der Gesellschaft steht laut \u00abBerner Zeitung\u00bb Stephan Zihler, ein Unternehmer aus dem Bildungsbereich. Mit bestehenden Mietern aus dem landwirtschaftlichen Bereich, aber auch kantonalen \u00c4mtern, w\u00fcrden nun Gespr\u00e4che gef\u00fchrt, liess Zihler mitteilen.<\/p>\n<p>Laut einer Anzeige auf Immoscout betr\u00e4gt die Nutzfl\u00e4che der Geb\u00e4ude gut 10.000 qm, die Grundst\u00fccksfl\u00e4che \u00fcber zwei Hektaren. <i>(aw)<\/i><\/p>\n<p>&nbsp;<\/p>\n","protected":false},"excerpt":{"rendered":"<p>In M\u00fcnsingen (BE) hat die Zweckgesellschaft eines Unternehmers aus dem Bildungsbereich ein zwei Hektaren grosses Areal mit 10.000 qm Geb\u00e4udefl\u00e4che und Baurecht f\u00fcr zus\u00e4tzliche Geb\u00e4ude erworben.<\/p>\n","protected":false},"author":28,"featured_media":0,"comment_status":"closed","ping_status":"closed","sticky":false,"template":"","format":"standard","meta":{"_acf_changed":false,"footnotes":""},"categories":[5],"tags":[7,294,96,41],"class_list":["post-4060","post","type-post","status-publish","format-standard","hentry","category-ib","tag-buro","tag-grundstueck","tag-projekt-in-planung","tag-verkauf"],"acf":[],"_links":{"self":[{"href":"https:\/\/develop.immobilienbusiness.ch\/de\/wp-json\/wp\/v2\/posts\/4060","targetHints":{"allow":["GET"]}}],"collection":[{"href":"https:\/\/develop.immobilienbusiness.ch\/de\/wp-json\/wp\/v2\/posts"}],"about":[{"href":"https:\/\/develop.immobilienbusiness.ch\/de\/wp-json\/wp\/v2\/types\/post"}],"author":[{"embeddable":true,"href":"https:\/\/develop.immobilienbusiness.ch\/de\/wp-json\/wp\/v2\/users\/28"}],"replies":[{"embeddable":true,"href":"https:\/\/develop.immobilienbusiness.ch\/de\/wp-json\/wp\/v2\/comments?post=4060"}],"version-history":[{"count":1,"href":"https:\/\/develop.immobilienbusiness.ch\/de\/wp-json\/wp\/v2\/posts\/4060\/revisions"}],"predecessor-version":[{"id":4061,"href":"https:\/\/develop.immobilienbusiness.ch\/de\/wp-json\/wp\/v2\/posts\/4060\/revisions\/4061"}],"wp:attachment":[{"href":"https:\/\/develop.immobilienbusiness.ch\/de\/wp-json\/wp\/v2\/media?parent=4060"}],"wp:term":[{"taxonomy":"category","embeddable":true,"href":"https:\/\/develop.immobilienbusiness.ch\/de\/wp-json\/wp\/v2\/categories?post=4060"},{"taxonomy":"post_tag","embeddable":true,"href":"https:\/\/develop.immobilienbusiness.ch\/de\/wp-json\/wp\/v2\/tags?post=4060"}],"curies":[{"name":"wp","href":"https:\/\/api.w.org\/{rel}","templated":true}]}}