{"id":389,"date":"2020-05-25T09:37:34","date_gmt":"2020-05-25T07:37:34","guid":{"rendered":"https:\/\/develop.immobilienbusiness.ch\/de\/allgemein\/2020-05-25\/thun-fotogeschaft-in-der-innenstadt-schliesst\/"},"modified":"2020-05-25T09:37:34","modified_gmt":"2020-05-25T07:37:34","slug":"thun-fotogeschaft-in-der-innenstadt-schliesst","status":"publish","type":"post","link":"https:\/\/develop.immobilienbusiness.ch\/de\/ib\/2020-05-25\/thun-fotogeschaft-in-der-innenstadt-schliesst\/","title":{"rendered":"Thun: Fotogesch\u00e4ft in der Innenstadt schliesst"},"content":{"rendered":"<p><span><span><span>Das Fachgesch\u00e4ft Photo Vision auf der Thuner Einkaufsmeile B\u00e4lliz 23 ist laut einem Bericht der Berner Zeitung aus wirtschaftlichen Gr\u00fcnden geschlossen worden. Die Schliessung sei urspr\u00fcnglich per Ende April angek\u00fcndigt gewesen, wegen des Lockdown aber auf den M\u00e4rz vorgezogen worden. <\/span><\/span><\/span><\/p>\n<p><span><span><span>Dem Bericht zufolge ist noch offen, was mit den leerstehenden R\u00e4umen geschieht. Die Suche nach Nachmietern laufe.<\/span><\/span><\/span><\/p>\n","protected":false},"excerpt":{"rendered":"<p><span><span><span>Die Photo Vision Thun AG schliesst laut einem lokalen Medienbericht ihren Standort in der Innenstadt.<\/span><\/span><\/span><\/p>\n","protected":false},"author":23,"featured_media":0,"comment_status":"closed","ping_status":"closed","sticky":false,"template":"","format":"standard","meta":{"_acf_changed":false,"footnotes":""},"categories":[5],"tags":[25,16,17],"class_list":["post-389","post","type-post","status-publish","format-standard","hentry","category-ib","tag-be","tag-retail","tag-verfugbare-flache"],"acf":[],"_links":{"self":[{"href":"https:\/\/develop.immobilienbusiness.ch\/de\/wp-json\/wp\/v2\/posts\/389","targetHints":{"allow":["GET"]}}],"collection":[{"href":"https:\/\/develop.immobilienbusiness.ch\/de\/wp-json\/wp\/v2\/posts"}],"about":[{"href":"https:\/\/develop.immobilienbusiness.ch\/de\/wp-json\/wp\/v2\/types\/post"}],"author":[{"embeddable":true,"href":"https:\/\/develop.immobilienbusiness.ch\/de\/wp-json\/wp\/v2\/users\/23"}],"replies":[{"embeddable":true,"href":"https:\/\/develop.immobilienbusiness.ch\/de\/wp-json\/wp\/v2\/comments?post=389"}],"version-history":[{"count":0,"href":"https:\/\/develop.immobilienbusiness.ch\/de\/wp-json\/wp\/v2\/posts\/389\/revisions"}],"wp:attachment":[{"href":"https:\/\/develop.immobilienbusiness.ch\/de\/wp-json\/wp\/v2\/media?parent=389"}],"wp:term":[{"taxonomy":"category","embeddable":true,"href":"https:\/\/develop.immobilienbusiness.ch\/de\/wp-json\/wp\/v2\/categories?post=389"},{"taxonomy":"post_tag","embeddable":true,"href":"https:\/\/develop.immobilienbusiness.ch\/de\/wp-json\/wp\/v2\/tags?post=389"}],"curies":[{"name":"wp","href":"https:\/\/api.w.org\/{rel}","templated":true}]}}