{"id":3811,"date":"2022-11-15T08:11:54","date_gmt":"2022-11-15T07:11:54","guid":{"rendered":"https:\/\/develop.immobilienbusiness.ch\/?p=3811"},"modified":"2022-11-15T08:11:54","modified_gmt":"2022-11-15T07:11:54","slug":"kanton-baselland-vierstoeckiger-gewerbebau-am-sissacher-bahnhof-geplant","status":"publish","type":"post","link":"https:\/\/develop.immobilienbusiness.ch\/de\/allgemein\/2022-11-15\/kanton-baselland-vierstoeckiger-gewerbebau-am-sissacher-bahnhof-geplant\/","title":{"rendered":"Kanton Baselland: Vierst\u00f6ckiger Gewerbebau am Sissacher Bahnhof geplant."},"content":{"rendered":"<p>In Sissach (BL) soll in Bahnhofsn\u00e4he ein vierst\u00f6ckiges Dienstleistungszentrum entstehen. In dem Geb\u00e4ude seien keine Wohnungen geplant, darunter aber eine Tiefgarage \u00fcber zwei Etagen. Das sagte Architekt Robert H\u00e4felfinger der \u201eBasler Zeitung\u201c. Standort des Bauvorhabens ist ein Areal zwischen dem fr\u00fcheren Warenhaus Cheesmeyer und dem Bahnhof, das unter den Sissacher Quartiersplan 1 f\u00e4llt. Innerhalb des Quartiersplans 2, der sich ebenfalls auf das Bahnhofsumfeld bezieht, plant Metter2Invest <a href=\"https:\/\/develop.immobilienbusiness.ch\/de\/ib\/2022-11-08\/kanton-baselland-metter2invest-kauft-laut-medienbericht-areal-in-sissach\/\" target=\"_blank\" rel=\"noopener\">(IB berichtete)<\/a>. <i>(aw)<\/i><\/p>\n","protected":false},"excerpt":{"rendered":"<p>In der N\u00e4he einer von Metter2Invest geplanten \u00dcberbauung in Sissach (BL) ist ein Dienstleistungszentrum ohne Wohnungen geplant.<\/p>\n","protected":false},"author":28,"featured_media":0,"comment_status":"closed","ping_status":"closed","sticky":false,"template":"","format":"standard","meta":{"_acf_changed":false,"footnotes":""},"categories":[1],"tags":[18,207,229,96,433],"class_list":["post-3811","post","type-post","status-publish","format-standard","hentry","category-allgemein","tag-bl","tag-bueros","tag-gewerbe","tag-projekt-in-planung","tag-sissach"],"acf":[],"_links":{"self":[{"href":"https:\/\/develop.immobilienbusiness.ch\/de\/wp-json\/wp\/v2\/posts\/3811","targetHints":{"allow":["GET"]}}],"collection":[{"href":"https:\/\/develop.immobilienbusiness.ch\/de\/wp-json\/wp\/v2\/posts"}],"about":[{"href":"https:\/\/develop.immobilienbusiness.ch\/de\/wp-json\/wp\/v2\/types\/post"}],"author":[{"embeddable":true,"href":"https:\/\/develop.immobilienbusiness.ch\/de\/wp-json\/wp\/v2\/users\/28"}],"replies":[{"embeddable":true,"href":"https:\/\/develop.immobilienbusiness.ch\/de\/wp-json\/wp\/v2\/comments?post=3811"}],"version-history":[{"count":1,"href":"https:\/\/develop.immobilienbusiness.ch\/de\/wp-json\/wp\/v2\/posts\/3811\/revisions"}],"predecessor-version":[{"id":3812,"href":"https:\/\/develop.immobilienbusiness.ch\/de\/wp-json\/wp\/v2\/posts\/3811\/revisions\/3812"}],"wp:attachment":[{"href":"https:\/\/develop.immobilienbusiness.ch\/de\/wp-json\/wp\/v2\/media?parent=3811"}],"wp:term":[{"taxonomy":"category","embeddable":true,"href":"https:\/\/develop.immobilienbusiness.ch\/de\/wp-json\/wp\/v2\/categories?post=3811"},{"taxonomy":"post_tag","embeddable":true,"href":"https:\/\/develop.immobilienbusiness.ch\/de\/wp-json\/wp\/v2\/tags?post=3811"}],"curies":[{"name":"wp","href":"https:\/\/api.w.org\/{rel}","templated":true}]}}