{"id":371,"date":"2020-05-20T09:22:48","date_gmt":"2020-05-20T07:22:48","guid":{"rendered":"https:\/\/develop.immobilienbusiness.ch\/de\/allgemein\/2020-05-20\/basel-rheingasse-soll-umgestaltet-werden\/"},"modified":"2020-05-20T09:22:48","modified_gmt":"2020-05-20T07:22:48","slug":"basel-rheingasse-soll-umgestaltet-werden","status":"publish","type":"post","link":"https:\/\/develop.immobilienbusiness.ch\/de\/ib\/2020-05-20\/basel-rheingasse-soll-umgestaltet-werden\/","title":{"rendered":"Basel: Rheingasse soll umgestaltet werden"},"content":{"rendered":"<p><span><span><span><span><span>F\u00fcr rund 4 Millionen CHF soll die Rheingasse umgebaut werden, damit sie ihrem historischen Charme besser gerecht werde, schreibt der Regierungsrat in einer Mitteilung. Wie der M\u00fcnsterberg, die Augustiner- oder die Rittergasse wird auch die Rheingasse Strassenr\u00e4nder mit geschliffenen Rheinwacken erhalten. Die Randsteine der Trottoirs fallen weg und die Fahrbahn wird angehoben, so dass Fussg\u00e4nger die ganze Strassenbreite nutzen k\u00f6nnen. <\/span><\/span><\/span><\/span><\/span><\/p>\n<p><span><span><span><span><span>In der Strassenmitte wird ein 3,5 Meter breites Asphaltband f\u00fcr Autos und Velofahrende erstellt. Die bereits heute g\u00fcltige Verkehrsordnung mit durchg\u00e4ngigem Fussg\u00e4ngervortritt und Tempo 20 f\u00fcr Autos und Velos sowie Einschr\u00e4nkungen f\u00fcr Motorfahrzeuge werde beibehalten, so der Regierungsrat.<\/span><\/span><\/span><\/span><\/span><\/p>\n<p><span><span><span><span><span>Hintergrund der Umgestaltung sei, dass sich die Rheingasse seit der Einf\u00fchrung des Verkehrskonzepts Innenstadt 2015 immer mehr in eine Gastromeile mit Bars, Restaurants und Gesch\u00e4ften verwandele, die zum Bummeln einlade.<\/span><\/span><\/span><\/span><\/span><\/p>\n<p><span><span><span><span><span>Die Bauarbeiten beginnen voraussichtlich 2022, denn dann werden auch Wasserleitungen, Kanalisation und Hausanschl\u00fcsse erneuert, gleichzeitig wird die Gasse an das Fernw\u00e4rmenetz angeschlossen. <\/span><\/span><\/span><\/span><\/span><\/p>\n","protected":false},"excerpt":{"rendered":"<p><span><span><span><span><span>Die Rheingasse in Basel soll von einer Strasse zu einer fussg\u00e4ngerfreundlichen Altstadtgasse umgestaltet werden, hat der Regierungsrat entschieden.<\/span><\/span><\/span><\/span><\/span><\/p>\n","protected":false},"author":23,"featured_media":0,"comment_status":"closed","ping_status":"closed","sticky":false,"template":"","format":"standard","meta":{"_acf_changed":false,"footnotes":""},"categories":[5],"tags":[2,16],"class_list":["post-371","post","type-post","status-publish","format-standard","hentry","category-ib","tag-bs","tag-retail"],"acf":[],"_links":{"self":[{"href":"https:\/\/develop.immobilienbusiness.ch\/de\/wp-json\/wp\/v2\/posts\/371","targetHints":{"allow":["GET"]}}],"collection":[{"href":"https:\/\/develop.immobilienbusiness.ch\/de\/wp-json\/wp\/v2\/posts"}],"about":[{"href":"https:\/\/develop.immobilienbusiness.ch\/de\/wp-json\/wp\/v2\/types\/post"}],"author":[{"embeddable":true,"href":"https:\/\/develop.immobilienbusiness.ch\/de\/wp-json\/wp\/v2\/users\/23"}],"replies":[{"embeddable":true,"href":"https:\/\/develop.immobilienbusiness.ch\/de\/wp-json\/wp\/v2\/comments?post=371"}],"version-history":[{"count":0,"href":"https:\/\/develop.immobilienbusiness.ch\/de\/wp-json\/wp\/v2\/posts\/371\/revisions"}],"wp:attachment":[{"href":"https:\/\/develop.immobilienbusiness.ch\/de\/wp-json\/wp\/v2\/media?parent=371"}],"wp:term":[{"taxonomy":"category","embeddable":true,"href":"https:\/\/develop.immobilienbusiness.ch\/de\/wp-json\/wp\/v2\/categories?post=371"},{"taxonomy":"post_tag","embeddable":true,"href":"https:\/\/develop.immobilienbusiness.ch\/de\/wp-json\/wp\/v2\/tags?post=371"}],"curies":[{"name":"wp","href":"https:\/\/api.w.org\/{rel}","templated":true}]}}