{"id":3701,"date":"2022-11-03T09:12:56","date_gmt":"2022-11-03T08:12:56","guid":{"rendered":"https:\/\/develop.immobilienbusiness.ch\/?p=3701"},"modified":"2022-11-03T09:15:50","modified_gmt":"2022-11-03T08:15:50","slug":"kanton-zuerich-migros-eroeffnet-zweite-teo-filiale-in-winterthur","status":"publish","type":"post","link":"https:\/\/develop.immobilienbusiness.ch\/de\/ib\/2022-11-03\/kanton-zuerich-migros-eroeffnet-zweite-teo-filiale-in-winterthur\/","title":{"rendered":"Kanton Z\u00fcrich: Migros er\u00f6ffnet zweite Teo-Filiale in Winterthur"},"content":{"rendered":"<figure id=\"attachment_3705\" aria-describedby=\"caption-attachment-3705\" style=\"width: 300px\" class=\"wp-caption alignnone\"><img loading=\"lazy\" decoding=\"async\" class=\"size-medium wp-image-3705\" src=\"https:\/\/develop.immobilienbusiness.ch\/wp-content\/uploads\/2022\/11\/Bildschirmfoto-vom-2022-11-03-09-13-58-300x197.png\" alt=\"\" width=\"300\" height=\"197\" srcset=\"https:\/\/develop.immobilienbusiness.ch\/wp-content\/uploads\/2022\/11\/Bildschirmfoto-vom-2022-11-03-09-13-58-300x197.png 300w, https:\/\/develop.immobilienbusiness.ch\/wp-content\/uploads\/2022\/11\/Bildschirmfoto-vom-2022-11-03-09-13-58-16x10.png 16w, https:\/\/develop.immobilienbusiness.ch\/wp-content\/uploads\/2022\/11\/Bildschirmfoto-vom-2022-11-03-09-13-58-267x175.png 267w, https:\/\/develop.immobilienbusiness.ch\/wp-content\/uploads\/2022\/11\/Bildschirmfoto-vom-2022-11-03-09-13-58-534x350.png 534w, https:\/\/develop.immobilienbusiness.ch\/wp-content\/uploads\/2022\/11\/Bildschirmfoto-vom-2022-11-03-09-13-58.png 644w\" sizes=\"auto, (max-width: 300px) 100vw, 300px\" \/><figcaption id=\"caption-attachment-3705\" class=\"wp-caption-text\">Das Ladenkonzept &#8222;Teo&#8220; (Bild: Migros)<\/figcaption><\/figure>\n<p>Zwei Wochen nach der ersten Pilotfiliale in B\u00fcrglen hat vor wenigen Tagen im Winterthurer Entwicklungsquartier Neuhegi der zweite, 50 qm grosse \u201eTeo\u201c-Laden von Migros er\u00f6ffnet. Das neue Einkaufsformat, das ohne Verkaufspersonal vor Ort auskommt, verf\u00fcgt \u00fcber ein Basissortiment f\u00fcr den t\u00e4glichen Bedarf. &#8222;In Industriegebieten, in denen Betriebe mit langen Arbeits- bzw. \u00d6ffnungszeiten angesiedelt sind, ebenso wie in neu entstehenden Wohnquartieren, besteht Bedarf an Einkaufsm\u00f6glichkeiten, die unabh\u00e4ngig von Laden\u00f6ffnungszeiten zur Verf\u00fcgung stehen, gerade f\u00fcr Produkte des t\u00e4glichen Bedarfs \u2013 hier wollen wir n\u00e4her zu unseren Kundinnen und Kunden,&#8220; sagt Samuel Bauert, Leiter Direktion Supermarkt der Migros Ostschweiz. &#8222;Daher haben wir uns f\u00fcr den Standort an der Sulzer Allee 54 im Winterhurer Quartier Neuhegi als zweiten Pilotstandort f\u00fcr unser neues Einkaufsformat entschieden.&#8220; (aw)<\/p>\n<p>&nbsp;<\/p>\n","protected":false},"excerpt":{"rendered":"<p>Das Quartier Neuhegi in Winterthur ist laut Migros ein ideales Umfeld f\u00fcr das neue Ladenkonzept ohne Verkaufspersonal.<\/p>\n","protected":false},"author":28,"featured_media":3705,"comment_status":"closed","ping_status":"closed","sticky":false,"template":"","format":"standard","meta":{"_acf_changed":false,"footnotes":""},"categories":[5],"tags":[263,159,16,409,40,193,42],"class_list":["post-3701","post","type-post","status-publish","format-standard","has-post-thumbnail","hentry","category-ib","tag-eroeffnung","tag-migros","tag-retail","tag-teo","tag-vermietung","tag-winterthur","tag-zh"],"acf":[],"_links":{"self":[{"href":"https:\/\/develop.immobilienbusiness.ch\/de\/wp-json\/wp\/v2\/posts\/3701","targetHints":{"allow":["GET"]}}],"collection":[{"href":"https:\/\/develop.immobilienbusiness.ch\/de\/wp-json\/wp\/v2\/posts"}],"about":[{"href":"https:\/\/develop.immobilienbusiness.ch\/de\/wp-json\/wp\/v2\/types\/post"}],"author":[{"embeddable":true,"href":"https:\/\/develop.immobilienbusiness.ch\/de\/wp-json\/wp\/v2\/users\/28"}],"replies":[{"embeddable":true,"href":"https:\/\/develop.immobilienbusiness.ch\/de\/wp-json\/wp\/v2\/comments?post=3701"}],"version-history":[{"count":3,"href":"https:\/\/develop.immobilienbusiness.ch\/de\/wp-json\/wp\/v2\/posts\/3701\/revisions"}],"predecessor-version":[{"id":3707,"href":"https:\/\/develop.immobilienbusiness.ch\/de\/wp-json\/wp\/v2\/posts\/3701\/revisions\/3707"}],"wp:featuredmedia":[{"embeddable":true,"href":"https:\/\/develop.immobilienbusiness.ch\/de\/wp-json\/wp\/v2\/media\/3705"}],"wp:attachment":[{"href":"https:\/\/develop.immobilienbusiness.ch\/de\/wp-json\/wp\/v2\/media?parent=3701"}],"wp:term":[{"taxonomy":"category","embeddable":true,"href":"https:\/\/develop.immobilienbusiness.ch\/de\/wp-json\/wp\/v2\/categories?post=3701"},{"taxonomy":"post_tag","embeddable":true,"href":"https:\/\/develop.immobilienbusiness.ch\/de\/wp-json\/wp\/v2\/tags?post=3701"}],"curies":[{"name":"wp","href":"https:\/\/api.w.org\/{rel}","templated":true}]}}