{"id":367,"date":"2020-05-19T09:27:20","date_gmt":"2020-05-19T07:27:20","guid":{"rendered":"https:\/\/develop.immobilienbusiness.ch\/de\/allgemein\/2020-05-19\/schuhkette-pasito-fricker-ist-konkurs\/"},"modified":"2020-05-19T09:27:20","modified_gmt":"2020-05-19T07:27:20","slug":"schuhkette-pasito-fricker-ist-konkurs","status":"publish","type":"post","link":"https:\/\/develop.immobilienbusiness.ch\/de\/ib\/2020-05-19\/schuhkette-pasito-fricker-ist-konkurs\/","title":{"rendered":"Schuhkette Pasito-Fricker ist konkurs"},"content":{"rendered":"<p><span><span><span><span><span>Die Handelskette Pasito-Fricker mit den Marken Fricker, Crispino und Pasito hat die Bilanz deponiert und den Konkurs angemeldet, <a href=\"https:\/\/www.srf.ch\/news\/regional\/aargau-solothurn\/alle-laeden-geschlossen-keine-schuhe-mehr-bei-pasito-fricker\">berichtet unter anderem <em>SRF<\/em>.<\/a><\/span><\/span><\/span><\/span><\/span><\/p>\n<p><span><span><span><span><span>Wegen der Schliessungen aufgrund der Corona-Pandemie habe das Unternehmen \u00fcber Wochen keine Ums\u00e4tze erzielt, was die Restrukturierungen der vergangenen Jahre zunichte gemacht habe. Einen \u00dcberbr\u00fcckungskredit hat Pasito-Fricker dem Bericht zufolge nicht erhalten.<\/span><\/span><\/span><\/span><\/span><\/p>\n<p><span><span><span><span><span>Pasito-Fricker ist seit einigen Jahren in der Krise, die Zahl der L\u00e4den ist auf rund die H\u00e4lfte geschrumpft. Das Unternehmen hatte mit dem Online-Handel zu k\u00e4mpfen, auch den starken Franken machte es f\u00fcr die Schwierigkeiten verantwortlich.<\/span><\/span><\/span><\/span><\/span><\/p>\n<p>\u00a0<\/p>\n<p>\u00a0<\/p>\n","protected":false},"excerpt":{"rendered":"<p><span><span><span>Der Schuhh\u00e4ndler Pasito-Fricker mit Sitz in Spreitenbach (AG) ist konkurs. Alle 23 Filialen wurden Mitte Mai geschlossen.<\/span><\/span><\/span><\/p>\n","protected":false},"author":23,"featured_media":0,"comment_status":"closed","ping_status":"closed","sticky":false,"template":"","format":"standard","meta":{"_acf_changed":false,"footnotes":""},"categories":[5],"tags":[16,17],"class_list":["post-367","post","type-post","status-publish","format-standard","hentry","category-ib","tag-retail","tag-verfugbare-flache"],"acf":[],"_links":{"self":[{"href":"https:\/\/develop.immobilienbusiness.ch\/de\/wp-json\/wp\/v2\/posts\/367","targetHints":{"allow":["GET"]}}],"collection":[{"href":"https:\/\/develop.immobilienbusiness.ch\/de\/wp-json\/wp\/v2\/posts"}],"about":[{"href":"https:\/\/develop.immobilienbusiness.ch\/de\/wp-json\/wp\/v2\/types\/post"}],"author":[{"embeddable":true,"href":"https:\/\/develop.immobilienbusiness.ch\/de\/wp-json\/wp\/v2\/users\/23"}],"replies":[{"embeddable":true,"href":"https:\/\/develop.immobilienbusiness.ch\/de\/wp-json\/wp\/v2\/comments?post=367"}],"version-history":[{"count":0,"href":"https:\/\/develop.immobilienbusiness.ch\/de\/wp-json\/wp\/v2\/posts\/367\/revisions"}],"wp:attachment":[{"href":"https:\/\/develop.immobilienbusiness.ch\/de\/wp-json\/wp\/v2\/media?parent=367"}],"wp:term":[{"taxonomy":"category","embeddable":true,"href":"https:\/\/develop.immobilienbusiness.ch\/de\/wp-json\/wp\/v2\/categories?post=367"},{"taxonomy":"post_tag","embeddable":true,"href":"https:\/\/develop.immobilienbusiness.ch\/de\/wp-json\/wp\/v2\/tags?post=367"}],"curies":[{"name":"wp","href":"https:\/\/api.w.org\/{rel}","templated":true}]}}