{"id":3634,"date":"2022-10-30T08:46:30","date_gmt":"2022-10-30T07:46:30","guid":{"rendered":"https:\/\/develop.immobilienbusiness.ch\/?p=3634"},"modified":"2022-10-30T08:46:30","modified_gmt":"2022-10-30T07:46:30","slug":"kanton-zuerich-ex-libris-eroeffnet-express-filiale-am-hauptsitz-in-dietikon","status":"publish","type":"post","link":"https:\/\/develop.immobilienbusiness.ch\/de\/ib\/2022-10-30\/kanton-zuerich-ex-libris-eroeffnet-express-filiale-am-hauptsitz-in-dietikon\/","title":{"rendered":"Kanton Z\u00fcrich: Ex Libris er\u00f6ffnet Express-Filiale am Hauptsitz in Dietikon"},"content":{"rendered":"<p>Ex Libris hat an der Lerzenstrasse 18 in Dietikon ein neue Filiale er\u00f6ffnet. Unter der Marke \u201eEx Libris Express\u201c wird auf einer Fl\u00e4che von lediglich 50 qm ein Sortiment von \u00fcber 10.000 der meistverkauften Artikel angeboten. Die Waren k\u00f6nnen zehn Minuten ab Bestellung abgeholt werden. Dass dies m\u00f6glich ist, liegt am Standort: Die Filiale befindet sich direkt am Hauptsitz von Ex Libris. (aw)<\/p>\n","protected":false},"excerpt":{"rendered":"<p>Der Buchh\u00e4ndler Ex Libris hat einen 50 qm gro\u00dfen Laden am Hauptsitz in der Lerzenstrasse 18 in Dietikon er\u00f6ffnet.<\/p>\n","protected":false},"author":28,"featured_media":0,"comment_status":"closed","ping_status":"closed","sticky":false,"template":"","format":"standard","meta":{"_acf_changed":false,"footnotes":""},"categories":[5],"tags":[147,263,376,16,42],"class_list":["post-3634","post","type-post","status-publish","format-standard","hentry","category-ib","tag-dietikon","tag-eroeffnung","tag-ex-libris","tag-retail","tag-zh"],"acf":[],"_links":{"self":[{"href":"https:\/\/develop.immobilienbusiness.ch\/de\/wp-json\/wp\/v2\/posts\/3634","targetHints":{"allow":["GET"]}}],"collection":[{"href":"https:\/\/develop.immobilienbusiness.ch\/de\/wp-json\/wp\/v2\/posts"}],"about":[{"href":"https:\/\/develop.immobilienbusiness.ch\/de\/wp-json\/wp\/v2\/types\/post"}],"author":[{"embeddable":true,"href":"https:\/\/develop.immobilienbusiness.ch\/de\/wp-json\/wp\/v2\/users\/28"}],"replies":[{"embeddable":true,"href":"https:\/\/develop.immobilienbusiness.ch\/de\/wp-json\/wp\/v2\/comments?post=3634"}],"version-history":[{"count":1,"href":"https:\/\/develop.immobilienbusiness.ch\/de\/wp-json\/wp\/v2\/posts\/3634\/revisions"}],"predecessor-version":[{"id":3635,"href":"https:\/\/develop.immobilienbusiness.ch\/de\/wp-json\/wp\/v2\/posts\/3634\/revisions\/3635"}],"wp:attachment":[{"href":"https:\/\/develop.immobilienbusiness.ch\/de\/wp-json\/wp\/v2\/media?parent=3634"}],"wp:term":[{"taxonomy":"category","embeddable":true,"href":"https:\/\/develop.immobilienbusiness.ch\/de\/wp-json\/wp\/v2\/categories?post=3634"},{"taxonomy":"post_tag","embeddable":true,"href":"https:\/\/develop.immobilienbusiness.ch\/de\/wp-json\/wp\/v2\/tags?post=3634"}],"curies":[{"name":"wp","href":"https:\/\/api.w.org\/{rel}","templated":true}]}}