{"id":278,"date":"2020-05-04T09:27:39","date_gmt":"2020-05-04T07:27:39","guid":{"rendered":"https:\/\/develop.immobilienbusiness.ch\/de\/allgemein\/2020-05-04\/bern-erste-sanierungsetappe-erlacherhof-abgeschlossen\/"},"modified":"2020-05-04T09:27:39","modified_gmt":"2020-05-04T07:27:39","slug":"bern-erste-sanierungsetappe-erlacherhof-abgeschlossen","status":"publish","type":"post","link":"https:\/\/develop.immobilienbusiness.ch\/de\/ib\/2020-05-04\/bern-erste-sanierungsetappe-erlacherhof-abgeschlossen\/","title":{"rendered":"Bern: Erste Sanierungsetappe Erlacherhof abgeschlossen"},"content":{"rendered":"<p><span><span><span>Der Erlacherhof, erbaut zwischen 1745 und 1752, ist Sitzungsort des Berner Gemeinderates, Sitz des Stadtpr\u00e4sidiums und ein st\u00e4dtisches Verwaltungsgeb\u00e4ude. Die beiden Liegenschaften an der Junkerngasse 47 und 49 wurden in den 1990er Jahren zuletzt umfassend saniert. <\/span><\/span><\/span><\/p>\n<p><span><span><span>Im Rahmen einer ersten Sanierungsetappe seien nun die Geb\u00e4udeh\u00fclle instandgesetzt und der Empfang erneuert worden. Der Besuchereingang wurde um eine grosse Wartezone erg\u00e4nzt und der Empfang den heutigen Kundenbed\u00fcrfnissen angepasst. Zudem wurde der Brandschutz an die geltenden Bestimmungen angepasst, so die Stadt Bern. In der ersten Bauetappe beliefen sich die Sanierungskosten auf rund 4,79 Millionen CHF.<\/span><\/span><\/span><\/p>\n<p><span><span><span>W\u00e4hrend der Arbeiten sei man zudem auf einen unerwarteten Sanierungsbedarf im \u00f6stlichsten und \u00e4ltesten Bauteil des Erlacherhofs gestossen, dem Bubenberturm aus dem sp\u00e4ten 13. Jahrhundert. Beim Aufrichten der schiefen Wetterfahne \u00fcber dem Bubenbergtor habe man entdeckt, dass der Turmhelm morsch sei und ebenfalls Instand gestellt werden m\u00fcsse.<\/span><\/span><\/span><\/p>\n<p><span><span><span>Eine zweite Sanierungsetappe soll nach Angaben der Stadt Bern in rund zehn Jahren umgesetzt werden. Dann seien die Haustechnikanlagen am Ende ihrer Lebensdauer angelangt sein und m\u00fcssten ersetzt werden. <\/span><\/span><\/span><\/p>\n<p><span><span><span>Der Erlacherhof gilt als eines der sch\u00f6nsten Altstadtpalais in Bern und steht unter Denkmalschutz.<\/span><\/span><\/span><\/p>\n","protected":false},"excerpt":{"rendered":"<p><span><span><span>Der Erlacherhof an der Junkerngasse in Bern wird derzeit saniert; die Arbeiten an der ersten Etappe sind nun abgeschlossen.<\/span><\/span><\/span><\/p>\n","protected":false},"author":23,"featured_media":0,"comment_status":"closed","ping_status":"closed","sticky":false,"template":"","format":"standard","meta":{"_acf_changed":false,"footnotes":""},"categories":[5],"tags":[25,7],"class_list":["post-278","post","type-post","status-publish","format-standard","hentry","category-ib","tag-be","tag-buro"],"acf":[],"_links":{"self":[{"href":"https:\/\/develop.immobilienbusiness.ch\/de\/wp-json\/wp\/v2\/posts\/278","targetHints":{"allow":["GET"]}}],"collection":[{"href":"https:\/\/develop.immobilienbusiness.ch\/de\/wp-json\/wp\/v2\/posts"}],"about":[{"href":"https:\/\/develop.immobilienbusiness.ch\/de\/wp-json\/wp\/v2\/types\/post"}],"author":[{"embeddable":true,"href":"https:\/\/develop.immobilienbusiness.ch\/de\/wp-json\/wp\/v2\/users\/23"}],"replies":[{"embeddable":true,"href":"https:\/\/develop.immobilienbusiness.ch\/de\/wp-json\/wp\/v2\/comments?post=278"}],"version-history":[{"count":0,"href":"https:\/\/develop.immobilienbusiness.ch\/de\/wp-json\/wp\/v2\/posts\/278\/revisions"}],"wp:attachment":[{"href":"https:\/\/develop.immobilienbusiness.ch\/de\/wp-json\/wp\/v2\/media?parent=278"}],"wp:term":[{"taxonomy":"category","embeddable":true,"href":"https:\/\/develop.immobilienbusiness.ch\/de\/wp-json\/wp\/v2\/categories?post=278"},{"taxonomy":"post_tag","embeddable":true,"href":"https:\/\/develop.immobilienbusiness.ch\/de\/wp-json\/wp\/v2\/tags?post=278"}],"curies":[{"name":"wp","href":"https:\/\/api.w.org\/{rel}","templated":true}]}}