{"id":2621,"date":"2021-12-15T09:31:17","date_gmt":"2021-12-15T08:31:17","guid":{"rendered":"https:\/\/develop.immobilienbusiness.ch\/de\/allgemein\/2021-12-15\/bern-das-bwo-zieht-an-die-hallwystrasse\/"},"modified":"2021-12-15T09:31:17","modified_gmt":"2021-12-15T08:31:17","slug":"bern-das-bwo-zieht-an-die-hallwystrasse","status":"publish","type":"post","link":"https:\/\/develop.immobilienbusiness.ch\/de\/ib\/2021-12-15\/bern-das-bwo-zieht-an-die-hallwystrasse\/","title":{"rendered":"Bern: Das BWO zieht an die Hallwystrasse"},"content":{"rendered":"<p><span><span><span>Das Bundesamt f\u00fcr Wohnungswesen BWO war 26 Jahre lang in Grenchen angesiedelt, zum 15. Dezember 2021 z\u00fcgelt es wieder nach Bern, wo es fr\u00fcher bereits ans\u00e4ssig war. Es bezieht neue B\u00fcros an der Hallwylstrasse 4. Dort hat auch das Sekretariat der Wettbewerbskommission seinen Sitz.<\/span><\/span><\/span><\/p>\n<p><span><span><span>Das Geb\u00e4ude an der Storchengasse 6 in Grenchen, in dem das BWO w\u00e4hrend 26 Jahren zu Hause war, ist an die Stadt Grenchen verkauft worden. Dort soll laut BWO ein \u00c4rztezentrum entstehen.<\/span><\/span><\/span><\/p>\n","protected":false},"excerpt":{"rendered":"<p><span><span><span>Das Bundesamt f\u00fcr Wohnungswesen BWO verlagert seinen Sitz Mitte Dezember 2021 von Grenchen nach Bern.<\/span><\/span><\/span><\/p>\n","protected":false},"author":23,"featured_media":0,"comment_status":"closed","ping_status":"closed","sticky":false,"template":"","format":"standard","meta":{"_acf_changed":false,"footnotes":""},"categories":[5],"tags":[25,7,33],"class_list":["post-2621","post","type-post","status-publish","format-standard","hentry","category-ib","tag-be","tag-buro","tag-so"],"acf":[],"_links":{"self":[{"href":"https:\/\/develop.immobilienbusiness.ch\/de\/wp-json\/wp\/v2\/posts\/2621","targetHints":{"allow":["GET"]}}],"collection":[{"href":"https:\/\/develop.immobilienbusiness.ch\/de\/wp-json\/wp\/v2\/posts"}],"about":[{"href":"https:\/\/develop.immobilienbusiness.ch\/de\/wp-json\/wp\/v2\/types\/post"}],"author":[{"embeddable":true,"href":"https:\/\/develop.immobilienbusiness.ch\/de\/wp-json\/wp\/v2\/users\/23"}],"replies":[{"embeddable":true,"href":"https:\/\/develop.immobilienbusiness.ch\/de\/wp-json\/wp\/v2\/comments?post=2621"}],"version-history":[{"count":0,"href":"https:\/\/develop.immobilienbusiness.ch\/de\/wp-json\/wp\/v2\/posts\/2621\/revisions"}],"wp:attachment":[{"href":"https:\/\/develop.immobilienbusiness.ch\/de\/wp-json\/wp\/v2\/media?parent=2621"}],"wp:term":[{"taxonomy":"category","embeddable":true,"href":"https:\/\/develop.immobilienbusiness.ch\/de\/wp-json\/wp\/v2\/categories?post=2621"},{"taxonomy":"post_tag","embeddable":true,"href":"https:\/\/develop.immobilienbusiness.ch\/de\/wp-json\/wp\/v2\/tags?post=2621"}],"curies":[{"name":"wp","href":"https:\/\/api.w.org\/{rel}","templated":true}]}}