{"id":2599,"date":"2021-12-09T15:53:07","date_gmt":"2021-12-09T14:53:07","guid":{"rendered":"https:\/\/develop.immobilienbusiness.ch\/de\/allgemein\/2021-12-09\/zurich-neue-richtplane\/"},"modified":"2021-12-09T15:53:07","modified_gmt":"2021-12-09T14:53:07","slug":"zurich-neue-richtplane","status":"publish","type":"post","link":"https:\/\/develop.immobilienbusiness.ch\/de\/ib\/2021-12-09\/zurich-neue-richtplane\/","title":{"rendered":"Z\u00fcrich:  Neue Richtpl\u00e4ne"},"content":{"rendered":"<p>Ende November haben die Stadtz\u00fcrcher Stimmberechtigten mit der Zustimmung zum Siedlungsrichtplan und zum Verkehrsrichtplan neue Weichen f\u00fcr die Stadtentwicklung gestellt. <span>Zu den Eckpunkten der beiden Richtpl\u00e4ne, die der Stadt helfen sollen, das f\u00fcr die n\u00e4chsten 20 Jahre prognostizierte Bev\u00f6lkerungswachstum\u00a0 auf eine halbe Million Einwohner zu bew\u00e4ltigen, z\u00e4hlen u.a. mehr Gr\u00fcnraum, mehr Verdichtung, mehr Tempo 30 und weniger Parkpl\u00e4tze in der Stadt. Ferner legt d<\/span>er Siedlungsrichtplan fest, dass rund 50 Quartierszentren entstehen. Im Westen und im Norden der Stadt soll verdichteter gebaut werden; gleichzeitig sind in Z\u00fcrich mehr g\u00fcnstiger Wohnraum, Schulen, Sport- und Parkanlagen geplant.<\/p>\n","protected":false},"excerpt":{"rendered":"<p>Die Stadtz\u00fcrcher Stimmb\u00fcrger hat im November \u00fcber zwei Richtpl\u00e4ne entschieden: Danach soll es in Zukunft u.a. mehr Gr\u00fcnfl\u00e4chen, mehr Velowege und weniger Parkpl\u00e4tze geben.<\/p>\n<ul>\n<\/ul>\n","protected":false},"author":24,"featured_media":0,"comment_status":"closed","ping_status":"closed","sticky":false,"template":"","format":"standard","meta":{"_acf_changed":false,"footnotes":""},"categories":[5],"tags":[77],"class_list":["post-2599","post","type-post","status-publish","format-standard","hentry","category-ib","tag-raumordnung-zonenplanung"],"acf":[],"_links":{"self":[{"href":"https:\/\/develop.immobilienbusiness.ch\/de\/wp-json\/wp\/v2\/posts\/2599","targetHints":{"allow":["GET"]}}],"collection":[{"href":"https:\/\/develop.immobilienbusiness.ch\/de\/wp-json\/wp\/v2\/posts"}],"about":[{"href":"https:\/\/develop.immobilienbusiness.ch\/de\/wp-json\/wp\/v2\/types\/post"}],"author":[{"embeddable":true,"href":"https:\/\/develop.immobilienbusiness.ch\/de\/wp-json\/wp\/v2\/users\/24"}],"replies":[{"embeddable":true,"href":"https:\/\/develop.immobilienbusiness.ch\/de\/wp-json\/wp\/v2\/comments?post=2599"}],"version-history":[{"count":0,"href":"https:\/\/develop.immobilienbusiness.ch\/de\/wp-json\/wp\/v2\/posts\/2599\/revisions"}],"wp:attachment":[{"href":"https:\/\/develop.immobilienbusiness.ch\/de\/wp-json\/wp\/v2\/media?parent=2599"}],"wp:term":[{"taxonomy":"category","embeddable":true,"href":"https:\/\/develop.immobilienbusiness.ch\/de\/wp-json\/wp\/v2\/categories?post=2599"},{"taxonomy":"post_tag","embeddable":true,"href":"https:\/\/develop.immobilienbusiness.ch\/de\/wp-json\/wp\/v2\/tags?post=2599"}],"curies":[{"name":"wp","href":"https:\/\/api.w.org\/{rel}","templated":true}]}}