{"id":2555,"date":"2021-12-01T09:33:01","date_gmt":"2021-12-01T08:33:01","guid":{"rendered":"https:\/\/develop.immobilienbusiness.ch\/de\/allgemein\/2021-12-01\/investissements-fonciers-neuer-generaldirektor\/"},"modified":"2021-12-01T09:33:01","modified_gmt":"2021-12-01T08:33:01","slug":"investissements-fonciers-neuer-generaldirektor","status":"publish","type":"post","link":"https:\/\/develop.immobilienbusiness.ch\/de\/ib\/2021-12-01\/investissements-fonciers-neuer-generaldirektor\/","title":{"rendered":"Investissements Fonciers: Neuer Generaldirektor"},"content":{"rendered":"<p><span><span><span>Michael Loose war zuletzt in verschiedenen F\u00fchrungspositionen im Immobilienbereich im In- und Ausland t\u00e4tig. Zum 1. April wird er Generaldirektor von Investissements Fonciers SA und soll dort nach Unternehmensangaben die Diversifizierung der Dienstleistungen und die Entwicklung des Investmentfonds La Fonci\u00e8re verantworten. Loose folgt dabei auf Arnaud de Jamblinne, der 25 Jahre lang als Generaldirektor t\u00e4tig war. <\/span><\/span><\/span><\/p>\n<p><span><span><span>Laut Albert Michel, Pr\u00e4sident des Verwaltungsrates, soll Loose die Firma und La Fonci\u00e8re weiterentwickeln und in \u00abein f\u00fchrendes Kompetenzzentrum im Bereich der Immobilienanlagefonds in der Schweiz ausbauen\u00bb. Die Direktion von Investissements Fonciers wird sich ab April 2022 aus Generaldirektor Michael Loose, Thomas Vonaesch, Direktor Portfolio Management, und Jean-Marie Pilloud, Direktor zust\u00e4ndig f\u00fcr Finanzen und Buchhaltung, zusammensetzen.<\/span><\/span><\/span><\/p>\n<p><span><span><span>Investissements Fonciers verwaltet den Fonds La Fonci\u00e8re, dessen B\u00f6rsenkapitalisierung mehr als 2 Mrd. CHF betr\u00e4gt. <\/span><\/span><\/span><\/p>\n","protected":false},"excerpt":{"rendered":"<p><span><span><span>Michael Loose wird ab April 2022 neuer Generaldirektor von Investissements Fonciers und damit auch den Immobilienanlagefonds La Fonci\u00e8re verantworten. Er folgt auf Arnaud de Jamblinne. <\/span><\/span><\/span><\/p>\n","protected":false},"author":23,"featured_media":0,"comment_status":"closed","ping_status":"closed","sticky":false,"template":"","format":"standard","meta":{"_acf_changed":false,"footnotes":""},"categories":[5],"tags":[45,74],"class_list":["post-2555","post","type-post","status-publish","format-standard","hentry","category-ib","tag-asset-manager","tag-personalia"],"acf":[],"_links":{"self":[{"href":"https:\/\/develop.immobilienbusiness.ch\/de\/wp-json\/wp\/v2\/posts\/2555","targetHints":{"allow":["GET"]}}],"collection":[{"href":"https:\/\/develop.immobilienbusiness.ch\/de\/wp-json\/wp\/v2\/posts"}],"about":[{"href":"https:\/\/develop.immobilienbusiness.ch\/de\/wp-json\/wp\/v2\/types\/post"}],"author":[{"embeddable":true,"href":"https:\/\/develop.immobilienbusiness.ch\/de\/wp-json\/wp\/v2\/users\/23"}],"replies":[{"embeddable":true,"href":"https:\/\/develop.immobilienbusiness.ch\/de\/wp-json\/wp\/v2\/comments?post=2555"}],"version-history":[{"count":0,"href":"https:\/\/develop.immobilienbusiness.ch\/de\/wp-json\/wp\/v2\/posts\/2555\/revisions"}],"wp:attachment":[{"href":"https:\/\/develop.immobilienbusiness.ch\/de\/wp-json\/wp\/v2\/media?parent=2555"}],"wp:term":[{"taxonomy":"category","embeddable":true,"href":"https:\/\/develop.immobilienbusiness.ch\/de\/wp-json\/wp\/v2\/categories?post=2555"},{"taxonomy":"post_tag","embeddable":true,"href":"https:\/\/develop.immobilienbusiness.ch\/de\/wp-json\/wp\/v2\/tags?post=2555"}],"curies":[{"name":"wp","href":"https:\/\/api.w.org\/{rel}","templated":true}]}}