{"id":2514,"date":"2021-11-18T11:19:34","date_gmt":"2021-11-18T10:19:34","guid":{"rendered":"https:\/\/develop.immobilienbusiness.ch\/de\/allgemein\/2021-11-18\/vetroz-migros-tochter-optisol-bezieht-grossten-holzbau-des-wallis\/"},"modified":"2021-11-18T11:19:34","modified_gmt":"2021-11-18T10:19:34","slug":"vetroz-migros-tochter-optisol-bezieht-grossten-holzbau-des-wallis","status":"publish","type":"post","link":"https:\/\/develop.immobilienbusiness.ch\/de\/ib\/2021-11-18\/vetroz-migros-tochter-optisol-bezieht-grossten-holzbau-des-wallis\/","title":{"rendered":"V\u00e9troz: Migros-Tochter Optisol bezieht gr\u00f6ssten Holzbau des Wallis"},"content":{"rendered":"<p><span><span>Optisol musste den bisherigen Standort in Saillon aufgeben, da er innerhalb des \u00dcberschwemmungsgebiets der Rhonekorrektur liegt. Das Unternehmen verarbeitet H\u00fchnermist zu organischen und organisch-mineralischen D\u00fcngern. <\/span><\/span><\/p>\n<p><span><span>Die Fassade des Neubaus in der Gemeinde V\u00e9troz besteht aus Walliser L\u00e4rchenholz, und der Einstreutrockner wird durch das auf dem Nachbargrundst\u00fcck installierte Holzheizkraftwerk versorgt. Zudem wird die Dachfl\u00e4che an die Oiken-Gruppe zur Betreibung einer Photovoltaikanlage vermietet: 1.000 Photovoltaik-Panels wurden installiert, die eine Fl\u00e4che von 2.000 qm haben und etwa 300 Kwh Strom produzieren werden.<\/span><\/span><\/p>\n","protected":false},"excerpt":{"rendered":"<p><span><span>Der D\u00fcngerhersteller Optisol hat in V\u00e9troz (VS) seinen Neubau eingeweiht. Mit einem Volumen von 32.000 m3 handelt es sich der Migros zufolge um die gr\u00f6sste Holzkonstruktion im Wallis. <\/span><\/span><\/p>\n","protected":false},"author":23,"featured_media":0,"comment_status":"closed","ping_status":"closed","sticky":false,"template":"","format":"standard","meta":{"_acf_changed":false,"footnotes":""},"categories":[5],"tags":[3,22,64],"class_list":["post-2514","post","type-post","status-publish","format-standard","hentry","category-ib","tag-fertigstellung","tag-industrie","tag-vs"],"acf":[],"_links":{"self":[{"href":"https:\/\/develop.immobilienbusiness.ch\/de\/wp-json\/wp\/v2\/posts\/2514","targetHints":{"allow":["GET"]}}],"collection":[{"href":"https:\/\/develop.immobilienbusiness.ch\/de\/wp-json\/wp\/v2\/posts"}],"about":[{"href":"https:\/\/develop.immobilienbusiness.ch\/de\/wp-json\/wp\/v2\/types\/post"}],"author":[{"embeddable":true,"href":"https:\/\/develop.immobilienbusiness.ch\/de\/wp-json\/wp\/v2\/users\/23"}],"replies":[{"embeddable":true,"href":"https:\/\/develop.immobilienbusiness.ch\/de\/wp-json\/wp\/v2\/comments?post=2514"}],"version-history":[{"count":0,"href":"https:\/\/develop.immobilienbusiness.ch\/de\/wp-json\/wp\/v2\/posts\/2514\/revisions"}],"wp:attachment":[{"href":"https:\/\/develop.immobilienbusiness.ch\/de\/wp-json\/wp\/v2\/media?parent=2514"}],"wp:term":[{"taxonomy":"category","embeddable":true,"href":"https:\/\/develop.immobilienbusiness.ch\/de\/wp-json\/wp\/v2\/categories?post=2514"},{"taxonomy":"post_tag","embeddable":true,"href":"https:\/\/develop.immobilienbusiness.ch\/de\/wp-json\/wp\/v2\/tags?post=2514"}],"curies":[{"name":"wp","href":"https:\/\/api.w.org\/{rel}","templated":true}]}}