{"id":2464,"date":"2021-11-03T09:20:47","date_gmt":"2021-11-03T08:20:47","guid":{"rendered":"https:\/\/develop.immobilienbusiness.ch\/de\/allgemein\/2021-11-03\/wallisellen-allreal-verlangert-mietvertrag-mit-grossmieter\/"},"modified":"2021-11-03T09:20:47","modified_gmt":"2021-11-03T08:20:47","slug":"wallisellen-allreal-verlangert-mietvertrag-mit-grossmieter","status":"publish","type":"post","link":"https:\/\/develop.immobilienbusiness.ch\/de\/ib\/2021-11-03\/wallisellen-allreal-verlangert-mietvertrag-mit-grossmieter\/","title":{"rendered":"Wallisellen: Allreal verl\u00e4ngert Mietvertrag mit Grossmieter"},"content":{"rendered":"<p><span><span><span>Allreal hat das Quartier auf dem Richti-Areal zwischen dem Bahnhof Wallisellen und dem Einkaufszentrum Glatt in den Jahren 2010 bis 2014 realisiert. Seit Beginn ist das B\u00fcrogeb\u00e4ude \u00abTurm\u00bb und \u00abFlachbau\u00bb, das von Wiel Arets Architekten entworfen wurde, von einem Grossmieter belegt.<\/span><\/span><\/span><\/p>\n<p><span><span><span>Wie Allreal mitteilt, w\u00e4ren die Mietvertr\u00e4ge im ersten Halbjahr 2023 ausgelaufen, nun aber habe man sie vorzeitig bis zum 31. Dezember 2033 verl\u00e4ngert. Es handelt sich um rund 39.100 qm B\u00fcro- und 5.700 qm Lagerfl\u00e4chen sowie 306 Parkpl\u00e4tze. Das Unternehmen sei einer der f\u00fcnf gr\u00f6ssten Mieter von Allreal. Gem\u00e4ss Halbjahresbericht 2021 steht die Firma f\u00fcr 7% des Gesamtmietertrags aus Gesch\u00e4ftsliegenschaften der Immobiliengesellschaft.<\/span><\/span><\/span><\/p>\n<p><span><span><span>Um welches Unternehmen es sich handelt, schreibt Allreal in der Mitteilung nicht. Allerdings ist bekannt, dass die Allianz Suisse einer der gr\u00f6ssten B\u00fcromieter im Richti-Areal ist. Das Unternehmen hat dort im Jahr 2013 sieben bisherige Standorte unter einem Dach vereint und dazu 42.000 qm f\u00fcr 1.900 Besch\u00e4ftigte angemietet. Allianz Suisse belegt einen 17-st\u00f6ckigen Turm plus Dachterrasse und einen f\u00fcnfst\u00f6ckigen Blockrandbau mit begr\u00fcntem Innenhof.<\/span><\/span><\/span><\/p>\n","protected":false},"excerpt":{"rendered":"<p><span><span><span>Allreal hat den Mietvertrag mit einem Grossmieter fr\u00fchzeitig verl\u00e4ngert. Das Unternehmen belegt 39.100 qm B\u00fcrofl\u00e4che im Richti-Areal in Wallisellen.<\/span><\/span><\/span><\/p>\n","protected":false},"author":23,"featured_media":0,"comment_status":"closed","ping_status":"closed","sticky":false,"template":"","format":"standard","meta":{"_acf_changed":false,"footnotes":""},"categories":[5],"tags":[7,40,42],"class_list":["post-2464","post","type-post","status-publish","format-standard","hentry","category-ib","tag-buro","tag-vermietung","tag-zh"],"acf":[],"_links":{"self":[{"href":"https:\/\/develop.immobilienbusiness.ch\/de\/wp-json\/wp\/v2\/posts\/2464","targetHints":{"allow":["GET"]}}],"collection":[{"href":"https:\/\/develop.immobilienbusiness.ch\/de\/wp-json\/wp\/v2\/posts"}],"about":[{"href":"https:\/\/develop.immobilienbusiness.ch\/de\/wp-json\/wp\/v2\/types\/post"}],"author":[{"embeddable":true,"href":"https:\/\/develop.immobilienbusiness.ch\/de\/wp-json\/wp\/v2\/users\/23"}],"replies":[{"embeddable":true,"href":"https:\/\/develop.immobilienbusiness.ch\/de\/wp-json\/wp\/v2\/comments?post=2464"}],"version-history":[{"count":0,"href":"https:\/\/develop.immobilienbusiness.ch\/de\/wp-json\/wp\/v2\/posts\/2464\/revisions"}],"wp:attachment":[{"href":"https:\/\/develop.immobilienbusiness.ch\/de\/wp-json\/wp\/v2\/media?parent=2464"}],"wp:term":[{"taxonomy":"category","embeddable":true,"href":"https:\/\/develop.immobilienbusiness.ch\/de\/wp-json\/wp\/v2\/categories?post=2464"},{"taxonomy":"post_tag","embeddable":true,"href":"https:\/\/develop.immobilienbusiness.ch\/de\/wp-json\/wp\/v2\/tags?post=2464"}],"curies":[{"name":"wp","href":"https:\/\/api.w.org\/{rel}","templated":true}]}}