{"id":2387,"date":"2021-10-14T10:10:58","date_gmt":"2021-10-14T08:10:58","guid":{"rendered":"https:\/\/develop.immobilienbusiness.ch\/de\/allgemein\/2021-10-14\/basel-gartnerhaus-im-schwarzpark-wird-saniert\/"},"modified":"2021-10-14T10:10:58","modified_gmt":"2021-10-14T08:10:58","slug":"basel-gartnerhaus-im-schwarzpark-wird-saniert","status":"publish","type":"post","link":"https:\/\/develop.immobilienbusiness.ch\/de\/ib\/2021-10-14\/basel-gartnerhaus-im-schwarzpark-wird-saniert\/","title":{"rendered":"Basel: G\u00e4rtnerhaus im Schwarzpark wird saniert"},"content":{"rendered":"<p><span><span><span>Das 1863 errichtete, zweist\u00f6ckige G\u00e4rtnerhaus liegt am s\u00fcdlichen Ende des Schwarzparks. Es geh\u00f6rte urspr\u00fcnglich zur Villa Gellertstrasse 101, die 1966 abgebrochen worden ist. Heute ist das Haus Teil des 2014 neugestalteten und ge\u00f6ffneten Schwarzparks, der die Quartiere Lehenmatt und Gellert verbindet. Das denkmalgesch\u00fctzte Geb\u00e4ude wird nach Angaben des Kantons Basel-Stadt rund 2,1 Mio. CHF sanft saniert; fr\u00fchestens 2023 sollen die Arbeiten abgeschlossen sein.<\/span><\/span><\/span><\/p>\n<p><span><span><span>Die Allmendverwaltung des Tiefbauamts sucht nun eine Betriebsorganisation, die das G\u00e4rtnerhaus nach der Sanierung f\u00fchrt. Es soll weiterhin im Einklang mit dem Park genutzt werden und sich wie bisher an den Bed\u00fcrfnissen des Quartiers orientieren. Der neue Betreiber soll das G\u00e4rtnerhaus als Ganzes bespielen, d.h. das Parkcaf\u00e9 betreiben und die verschiedenen Nutzungen koordinieren. In dem Haus stehen neben der Gastrofl\u00e4che diverse R\u00e4ume zur Verf\u00fcgung, die f\u00fcr Veranstaltungen, Seminare oder als B\u00fcro genutzt werden k\u00f6nnen. <\/span><\/span><\/span><\/p>\n","protected":false},"excerpt":{"rendered":"<p><span><span><span>Das historische G\u00e4rtnerhaus im Schwarzpark von Basel soll demn\u00e4chst saniert werden. Der Kanton Basel-Stadt sucht Betreiber, die das Geb\u00e4ude nach Abschluss der Arbeiten bespielen. <\/span><\/span><\/span><\/p>\n","protected":false},"author":23,"featured_media":0,"comment_status":"closed","ping_status":"closed","sticky":false,"template":"","format":"standard","meta":{"_acf_changed":false,"footnotes":""},"categories":[5],"tags":[2,7,59,78,17],"class_list":["post-2387","post","type-post","status-publish","format-standard","hentry","category-ib","tag-bs","tag-buro","tag-freizeitimmobilien","tag-gastronomie","tag-verfugbare-flache"],"acf":[],"_links":{"self":[{"href":"https:\/\/develop.immobilienbusiness.ch\/de\/wp-json\/wp\/v2\/posts\/2387","targetHints":{"allow":["GET"]}}],"collection":[{"href":"https:\/\/develop.immobilienbusiness.ch\/de\/wp-json\/wp\/v2\/posts"}],"about":[{"href":"https:\/\/develop.immobilienbusiness.ch\/de\/wp-json\/wp\/v2\/types\/post"}],"author":[{"embeddable":true,"href":"https:\/\/develop.immobilienbusiness.ch\/de\/wp-json\/wp\/v2\/users\/23"}],"replies":[{"embeddable":true,"href":"https:\/\/develop.immobilienbusiness.ch\/de\/wp-json\/wp\/v2\/comments?post=2387"}],"version-history":[{"count":0,"href":"https:\/\/develop.immobilienbusiness.ch\/de\/wp-json\/wp\/v2\/posts\/2387\/revisions"}],"wp:attachment":[{"href":"https:\/\/develop.immobilienbusiness.ch\/de\/wp-json\/wp\/v2\/media?parent=2387"}],"wp:term":[{"taxonomy":"category","embeddable":true,"href":"https:\/\/develop.immobilienbusiness.ch\/de\/wp-json\/wp\/v2\/categories?post=2387"},{"taxonomy":"post_tag","embeddable":true,"href":"https:\/\/develop.immobilienbusiness.ch\/de\/wp-json\/wp\/v2\/tags?post=2387"}],"curies":[{"name":"wp","href":"https:\/\/api.w.org\/{rel}","templated":true}]}}