{"id":232,"date":"2020-04-23T16:48:37","date_gmt":"2020-04-23T14:48:37","guid":{"rendered":"https:\/\/develop.immobilienbusiness.ch\/de\/allgemein\/2020-04-23\/basel-baurechtsvertrag-fur-ehemaliges-felix-platter-spital-genehmigt\/"},"modified":"2020-04-23T16:48:37","modified_gmt":"2020-04-23T14:48:37","slug":"basel-baurechtsvertrag-fur-ehemaliges-felix-platter-spital-genehmigt","status":"publish","type":"post","link":"https:\/\/develop.immobilienbusiness.ch\/de\/ib\/2020-04-23\/basel-baurechtsvertrag-fur-ehemaliges-felix-platter-spital-genehmigt\/","title":{"rendered":"Basel: Baurechtsvertrag f\u00fcr ehemaliges Felix-Platter-Spital genehmigt"},"content":{"rendered":"<p>\u00a0<\/p>\n<p>Die Baugenossenschaft wohnen&amp;mehr \u00fcbernimmt der Vereinbarung zufolge 36.000 qm Fl\u00e4che vom Kanton Basel-Stadt im Baurecht und realisiert mit dem Projekt \u00abWestfeld\u00bb 500 bis 550\u00a0Genossenschaftswohnungen sowie Fl\u00e4chen f\u00fcr Quartiernutzungen und Kleingewerbe.<\/p>\n<p>Der Regierungsrat entschied im Jahr 2015, dass die ganze Fl\u00e4che, die durch den Neubau des Felix-Platter-Spitals frei wurde, komplett und exklusiv f\u00fcr neue Genossenschaftswohnungen verwendet werden soll.\u00a0Ende 2016 haben die Einwohnergemeinde der Stadt Basel und wohnen&amp;mehr eine entsprechende Absichtserkl\u00e4rung unterzeichnet, nun ist der Baurechtsvertrag abgeschlossen.<\/p>\n<p>Die Planungen f\u00fcr die Neubauten und f\u00fcr die Umnutzung des bestehenden Spitalgeb\u00e4udes laufen seit 2017.<\/p>\n","protected":false},"excerpt":{"rendered":"<p>Die Baugenossenschaft wohnen&amp;mehr kann ihr Wohnprojekt auf dem Westfeld, dem Areal des ehemaligen Felix-Platter-Spitals, realisieren.\u00a0<\/p>\n","protected":false},"author":23,"featured_media":0,"comment_status":"closed","ping_status":"closed","sticky":false,"template":"","format":"standard","meta":{"_acf_changed":false,"footnotes":""},"categories":[5],"tags":[2,11,4,16],"class_list":["post-232","post","type-post","status-publish","format-standard","hentry","category-ib","tag-bs","tag-in-planung","tag-mehrfamilienhaus-miete","tag-retail"],"acf":[],"_links":{"self":[{"href":"https:\/\/develop.immobilienbusiness.ch\/de\/wp-json\/wp\/v2\/posts\/232","targetHints":{"allow":["GET"]}}],"collection":[{"href":"https:\/\/develop.immobilienbusiness.ch\/de\/wp-json\/wp\/v2\/posts"}],"about":[{"href":"https:\/\/develop.immobilienbusiness.ch\/de\/wp-json\/wp\/v2\/types\/post"}],"author":[{"embeddable":true,"href":"https:\/\/develop.immobilienbusiness.ch\/de\/wp-json\/wp\/v2\/users\/23"}],"replies":[{"embeddable":true,"href":"https:\/\/develop.immobilienbusiness.ch\/de\/wp-json\/wp\/v2\/comments?post=232"}],"version-history":[{"count":0,"href":"https:\/\/develop.immobilienbusiness.ch\/de\/wp-json\/wp\/v2\/posts\/232\/revisions"}],"wp:attachment":[{"href":"https:\/\/develop.immobilienbusiness.ch\/de\/wp-json\/wp\/v2\/media?parent=232"}],"wp:term":[{"taxonomy":"category","embeddable":true,"href":"https:\/\/develop.immobilienbusiness.ch\/de\/wp-json\/wp\/v2\/categories?post=232"},{"taxonomy":"post_tag","embeddable":true,"href":"https:\/\/develop.immobilienbusiness.ch\/de\/wp-json\/wp\/v2\/tags?post=232"}],"curies":[{"name":"wp","href":"https:\/\/api.w.org\/{rel}","templated":true}]}}