{"id":2302,"date":"2021-09-21T07:53:17","date_gmt":"2021-09-21T05:53:17","guid":{"rendered":"https:\/\/develop.immobilienbusiness.ch\/de\/allgemein\/2021-09-21\/rupperswil-baustart-fur-wohnuberbauung-daheim-sein\/"},"modified":"2021-09-21T07:53:17","modified_gmt":"2021-09-21T05:53:17","slug":"rupperswil-baustart-fur-wohnuberbauung-daheim-sein","status":"publish","type":"post","link":"https:\/\/develop.immobilienbusiness.ch\/de\/ib\/2021-09-21\/rupperswil-baustart-fur-wohnuberbauung-daheim-sein\/","title":{"rendered":"Rupperswil: Baustart f\u00fcr Wohn\u00fcberbauung \u00abDaheim sein\u00bb"},"content":{"rendered":"<p><span><span><span>Am Breechliweg in Rupperswil entstehen nahe der Naturzone 4,5- und 5,5-Zimmer-Reiheneinfamilienh\u00e4user. Die insgesamt zw\u00f6lf Reihenh\u00e4user werden in drei Geb\u00e4uden realisiert; zur \u00dcberbauung geh\u00f6rt auch eine gemeinsame Tiefgarage. Mit der Vermarktung der Immobilien ist die Markstein AG aus Baden beauftragt. Bauherrschaft ist die Corpora Immobilien AG aus Aarau. Der Bezug ist ab Fr\u00fchling 2023 geplant.<\/span><\/span><\/span><\/p>\n","protected":false},"excerpt":{"rendered":"<p><span><span><span>Anfangs September 2021 ist mit dem Bau der Wohnsiedlung \u00abDaheim sein\u00bb in Rupperswil (AG) begonnen worden. <\/span><\/span><\/span><\/p>\n","protected":false},"author":23,"featured_media":0,"comment_status":"closed","ping_status":"closed","sticky":false,"template":"","format":"standard","meta":{"_acf_changed":false,"footnotes":""},"categories":[5],"tags":[6,19,14],"class_list":["post-2302","post","type-post","status-publish","format-standard","hentry","category-ib","tag-ag","tag-in-bau","tag-mfh-stockwerkeigentum"],"acf":[],"_links":{"self":[{"href":"https:\/\/develop.immobilienbusiness.ch\/de\/wp-json\/wp\/v2\/posts\/2302","targetHints":{"allow":["GET"]}}],"collection":[{"href":"https:\/\/develop.immobilienbusiness.ch\/de\/wp-json\/wp\/v2\/posts"}],"about":[{"href":"https:\/\/develop.immobilienbusiness.ch\/de\/wp-json\/wp\/v2\/types\/post"}],"author":[{"embeddable":true,"href":"https:\/\/develop.immobilienbusiness.ch\/de\/wp-json\/wp\/v2\/users\/23"}],"replies":[{"embeddable":true,"href":"https:\/\/develop.immobilienbusiness.ch\/de\/wp-json\/wp\/v2\/comments?post=2302"}],"version-history":[{"count":0,"href":"https:\/\/develop.immobilienbusiness.ch\/de\/wp-json\/wp\/v2\/posts\/2302\/revisions"}],"wp:attachment":[{"href":"https:\/\/develop.immobilienbusiness.ch\/de\/wp-json\/wp\/v2\/media?parent=2302"}],"wp:term":[{"taxonomy":"category","embeddable":true,"href":"https:\/\/develop.immobilienbusiness.ch\/de\/wp-json\/wp\/v2\/categories?post=2302"},{"taxonomy":"post_tag","embeddable":true,"href":"https:\/\/develop.immobilienbusiness.ch\/de\/wp-json\/wp\/v2\/tags?post=2302"}],"curies":[{"name":"wp","href":"https:\/\/api.w.org\/{rel}","templated":true}]}}