{"id":2279,"date":"2021-09-15T08:48:18","date_gmt":"2021-09-15T06:48:18","guid":{"rendered":"https:\/\/develop.immobilienbusiness.ch\/de\/allgemein\/2021-09-15\/hgw-wechsel-in-der-geschaftsfuhrung\/"},"modified":"2021-09-15T08:48:18","modified_gmt":"2021-09-15T06:48:18","slug":"hgw-wechsel-in-der-geschaftsfuhrung","status":"publish","type":"post","link":"https:\/\/develop.immobilienbusiness.ch\/de\/ib\/2021-09-15\/hgw-wechsel-in-der-geschaftsfuhrung\/","title":{"rendered":"HGW: Wechsel in der Gesch\u00e4ftsf\u00fchrung"},"content":{"rendered":"<p><span><span><span><span>Martin Schmidli wird sich nach Angaben der HGW im Fr\u00fchjahr 2022 als Gesch\u00e4ftsf\u00fchrer zur\u00fcckziehen und vorzeitig in Pension gehen. Die Suche nach einem Nachfolger wurde Ende August 2021 abgeschlossen, und Gamal Rasmy wird ab 1. Februar 2022 die Gesch\u00e4ftsf\u00fchrung der HGW \u00fcbernehmen. <\/span><\/span><\/span><\/span><\/p>\n<p><span><span><span><span>Rasmy ist aktuell als Ressortleiter Strategisches Portfoliomanagement f\u00fcr die Terresta Immobilien- und Verwaltungs AG t\u00e4tig. Zuvor arbeitete er unter anderem f\u00fcr Implenia und im Immobilienbereich der SBB.<\/span><\/span><\/span><\/span><\/p>\n","protected":false},"excerpt":{"rendered":"<p><span><span><span><span>Die HGW Heimst\u00e4tten-Genossenschaft Winterthur bekommt mit Gamal Rasmy im kommenden Jahr einen neuen Gesch\u00e4ftsf\u00fchrer.<\/span><\/span><\/span><\/span><\/p>\n","protected":false},"author":23,"featured_media":0,"comment_status":"closed","ping_status":"closed","sticky":false,"template":"","format":"standard","meta":{"_acf_changed":false,"footnotes":""},"categories":[5],"tags":[74,42],"class_list":["post-2279","post","type-post","status-publish","format-standard","hentry","category-ib","tag-personalia","tag-zh"],"acf":[],"_links":{"self":[{"href":"https:\/\/develop.immobilienbusiness.ch\/de\/wp-json\/wp\/v2\/posts\/2279","targetHints":{"allow":["GET"]}}],"collection":[{"href":"https:\/\/develop.immobilienbusiness.ch\/de\/wp-json\/wp\/v2\/posts"}],"about":[{"href":"https:\/\/develop.immobilienbusiness.ch\/de\/wp-json\/wp\/v2\/types\/post"}],"author":[{"embeddable":true,"href":"https:\/\/develop.immobilienbusiness.ch\/de\/wp-json\/wp\/v2\/users\/23"}],"replies":[{"embeddable":true,"href":"https:\/\/develop.immobilienbusiness.ch\/de\/wp-json\/wp\/v2\/comments?post=2279"}],"version-history":[{"count":0,"href":"https:\/\/develop.immobilienbusiness.ch\/de\/wp-json\/wp\/v2\/posts\/2279\/revisions"}],"wp:attachment":[{"href":"https:\/\/develop.immobilienbusiness.ch\/de\/wp-json\/wp\/v2\/media?parent=2279"}],"wp:term":[{"taxonomy":"category","embeddable":true,"href":"https:\/\/develop.immobilienbusiness.ch\/de\/wp-json\/wp\/v2\/categories?post=2279"},{"taxonomy":"post_tag","embeddable":true,"href":"https:\/\/develop.immobilienbusiness.ch\/de\/wp-json\/wp\/v2\/tags?post=2279"}],"curies":[{"name":"wp","href":"https:\/\/api.w.org\/{rel}","templated":true}]}}