{"id":2271,"date":"2021-09-14T07:59:36","date_gmt":"2021-09-14T05:59:36","guid":{"rendered":"https:\/\/develop.immobilienbusiness.ch\/de\/allgemein\/2021-09-14\/bern-baugenossenschaft-plant-hochhaus-sanierung\/"},"modified":"2021-09-14T07:59:36","modified_gmt":"2021-09-14T05:59:36","slug":"bern-baugenossenschaft-plant-hochhaus-sanierung","status":"publish","type":"post","link":"https:\/\/develop.immobilienbusiness.ch\/de\/ib\/2021-09-14\/bern-baugenossenschaft-plant-hochhaus-sanierung\/","title":{"rendered":"Bern: Baugenossenschaft plant Hochhaus-Sanierung"},"content":{"rendered":"<p><span><span><span><span>Die Liegenschaft an der Kasparstrasse 15 in Bern-Betlehem stammt aus dem Jahr 1973 und muss nach Angaben der Eigent\u00fcmerin Baugenossenschaft Br\u00fcnnen-Eichholz und des Verwalters Dr. Meyer Immobilien AG dringend saniert werden. Im kommenden Jahr sollen die Bauarbeiten beginnen.<\/span><\/span><\/span><\/span><\/p>\n<p><span><span><span><span>Da die Sanierung laut der Eigent\u00fcmerin nicht im bewohnten Zustand durchgef\u00fchrt werden kann, ist den Mietern aller 162 Wohnungen gek\u00fcndigt worden. Man werde versuchen, den gut 500 Personen Ersatzwohnraum in eigenen Liegenschaften anzubieten, sagte eine Sprecherin der Baugenossenschaft gegen\u00fcber lokalen Medien. Zudem h\u00e4tten die Bewohnerinnen und Bewohner Vorrang, wenn sie nach der Sanierung wieder in das Hochhaus an der Kasparstrasse einziehen wollen. <\/span><\/span><\/span><\/span><\/p>\n<p><span><span><span><span>Der Baugenossenschaft Br\u00fcnnen-Eichholz geh\u00f6ren rund 2.000 Wohnungen, die meisten davon befinden sich in Betlehem und B\u00fcmpliz.<\/span><\/span><\/span><\/span><\/p>\n","protected":false},"excerpt":{"rendered":"<p><span><span><span><span>Die Baugenossenschaft Br\u00fcnnen-Eichholz will ihr Wohnhochhaus an der Kasparstrasse in Bern-Betlehem sanieren. Daf\u00fcr m\u00fcssen alle Mieter ausziehen. <\/span><\/span><\/span><\/span><\/p>\n","protected":false},"author":23,"featured_media":0,"comment_status":"closed","ping_status":"closed","sticky":false,"template":"","format":"standard","meta":{"_acf_changed":false,"footnotes":""},"categories":[5],"tags":[25,11,4],"class_list":["post-2271","post","type-post","status-publish","format-standard","hentry","category-ib","tag-be","tag-in-planung","tag-mehrfamilienhaus-miete"],"acf":[],"_links":{"self":[{"href":"https:\/\/develop.immobilienbusiness.ch\/de\/wp-json\/wp\/v2\/posts\/2271","targetHints":{"allow":["GET"]}}],"collection":[{"href":"https:\/\/develop.immobilienbusiness.ch\/de\/wp-json\/wp\/v2\/posts"}],"about":[{"href":"https:\/\/develop.immobilienbusiness.ch\/de\/wp-json\/wp\/v2\/types\/post"}],"author":[{"embeddable":true,"href":"https:\/\/develop.immobilienbusiness.ch\/de\/wp-json\/wp\/v2\/users\/23"}],"replies":[{"embeddable":true,"href":"https:\/\/develop.immobilienbusiness.ch\/de\/wp-json\/wp\/v2\/comments?post=2271"}],"version-history":[{"count":0,"href":"https:\/\/develop.immobilienbusiness.ch\/de\/wp-json\/wp\/v2\/posts\/2271\/revisions"}],"wp:attachment":[{"href":"https:\/\/develop.immobilienbusiness.ch\/de\/wp-json\/wp\/v2\/media?parent=2271"}],"wp:term":[{"taxonomy":"category","embeddable":true,"href":"https:\/\/develop.immobilienbusiness.ch\/de\/wp-json\/wp\/v2\/categories?post=2271"},{"taxonomy":"post_tag","embeddable":true,"href":"https:\/\/develop.immobilienbusiness.ch\/de\/wp-json\/wp\/v2\/tags?post=2271"}],"curies":[{"name":"wp","href":"https:\/\/api.w.org\/{rel}","templated":true}]}}