{"id":2247,"date":"2021-09-08T09:05:33","date_gmt":"2021-09-08T07:05:33","guid":{"rendered":"https:\/\/develop.immobilienbusiness.ch\/de\/allgemein\/2021-09-08\/bern-wysslochgut-soll-zur-tagesschule-werden\/"},"modified":"2021-09-08T09:05:33","modified_gmt":"2021-09-08T07:05:33","slug":"bern-wysslochgut-soll-zur-tagesschule-werden","status":"publish","type":"post","link":"https:\/\/develop.immobilienbusiness.ch\/de\/ib\/2021-09-08\/bern-wysslochgut-soll-zur-tagesschule-werden\/","title":{"rendered":"Bern: Wysslochgut soll zur Tagesschule werden"},"content":{"rendered":"<p><span><span><span>Da hoher Bedarf an Tagesschulpl\u00e4tzen besteht, will die Stadt Bern im ehemaligen Bauerngut Wyssloch eine neue Tagesschule unterbringen. Der Standort an der Laubeggstrasse 111 befinde sich zentral zwischen den verschiedenen Schulgeb\u00e4uden des Schulstandortes Laubegg und sei von allen Schulgeb\u00e4uden aus gut erreichbar. Zudem k\u00f6nne das denkmalgesch\u00fctzte Geb\u00e4ude mit der Sanierung erhalten werden und erhalte eine angemessene \u00f6ffentliche Nutzung.<\/span><\/span><\/span><\/p>\n<p><span><span><span>Das Wysslochgut besteht aus einem Wohntrakt und einem Stall mit Heub\u00fchne; gebaut wurde es vor rund 400 Jahren. Vor dem Einbau der Tagesschule m\u00fcssen nach Angaben der Stadt bern tiefgreifende Sanierungsarbeiten vorgenommen werden: Der Stall wird bis auf den Rohbau zur\u00fcckgebaut, und im m Wohntrakt werden unter anderem Teile der stark besch\u00e4digten Riegfassade erneuert. Vorgesehen ist auch ein neuer, zweigeschossiger Anbau, in dem eine K\u00fcche und ein Mehrzweckraum untergebracht werden soll. Gebaut wird nach dem Standard Minergie Eco. Die neue Tageschule im Wysslochgut soll dereinst Platz bieten f\u00fcr 180 Kinder. <\/span><\/span><\/span><\/p>\n<p><span><span><span>Mit 10,7 Mio. CHF sei die Gesamtsanierung zwar teurer als ein Neubau, so die Stadt Bern. Allerdings w\u00e4ren die Sanierungskosten f\u00fcr das denkmalgesch\u00fctzte Wysslochgut in n\u00e4chster Zeit ohnehin angefallen, und f\u00fcr den Einbau Tagesschule spreche zudem, dass das Wysslochgut heute unternutzt ist. Die Stimmberechtigten werden voraussichtlich im Februar 2022 \u00fcber den Baukredit abstimmen. Im dritten Quartal 2022 k\u00f6nnte mit dem Bau begonnen werden, in Betrieb gehen soll die Tagesschule zu Beginn des Schuljahres 2024\/25.<\/span><\/span><\/span><\/p>\n","protected":false},"excerpt":{"rendered":"<p><span><span><span>Die Stadt Bern will das denkmalgesch\u00fctzte Bauernhaus Wysslochgut sanieren und zu einer Tagesschule umbauen.<\/span><\/span><\/span><\/p>\n","protected":false},"author":23,"featured_media":0,"comment_status":"closed","ping_status":"closed","sticky":false,"template":"","format":"standard","meta":{"_acf_changed":false,"footnotes":""},"categories":[5],"tags":[25,11],"class_list":["post-2247","post","type-post","status-publish","format-standard","hentry","category-ib","tag-be","tag-in-planung"],"acf":[],"_links":{"self":[{"href":"https:\/\/develop.immobilienbusiness.ch\/de\/wp-json\/wp\/v2\/posts\/2247","targetHints":{"allow":["GET"]}}],"collection":[{"href":"https:\/\/develop.immobilienbusiness.ch\/de\/wp-json\/wp\/v2\/posts"}],"about":[{"href":"https:\/\/develop.immobilienbusiness.ch\/de\/wp-json\/wp\/v2\/types\/post"}],"author":[{"embeddable":true,"href":"https:\/\/develop.immobilienbusiness.ch\/de\/wp-json\/wp\/v2\/users\/23"}],"replies":[{"embeddable":true,"href":"https:\/\/develop.immobilienbusiness.ch\/de\/wp-json\/wp\/v2\/comments?post=2247"}],"version-history":[{"count":0,"href":"https:\/\/develop.immobilienbusiness.ch\/de\/wp-json\/wp\/v2\/posts\/2247\/revisions"}],"wp:attachment":[{"href":"https:\/\/develop.immobilienbusiness.ch\/de\/wp-json\/wp\/v2\/media?parent=2247"}],"wp:term":[{"taxonomy":"category","embeddable":true,"href":"https:\/\/develop.immobilienbusiness.ch\/de\/wp-json\/wp\/v2\/categories?post=2247"},{"taxonomy":"post_tag","embeddable":true,"href":"https:\/\/develop.immobilienbusiness.ch\/de\/wp-json\/wp\/v2\/tags?post=2247"}],"curies":[{"name":"wp","href":"https:\/\/api.w.org\/{rel}","templated":true}]}}