{"id":2235,"date":"2021-09-03T15:01:06","date_gmt":"2021-09-03T13:01:06","guid":{"rendered":"https:\/\/develop.immobilienbusiness.ch\/de\/allgemein\/2021-09-03\/zurich-masterplan-werkstadt-zurich-verabschiedet\/"},"modified":"2021-09-03T15:01:06","modified_gmt":"2021-09-03T13:01:06","slug":"zurich-masterplan-werkstadt-zurich-verabschiedet","status":"publish","type":"post","link":"https:\/\/develop.immobilienbusiness.ch\/de\/ib\/2021-09-03\/zurich-masterplan-werkstadt-zurich-verabschiedet\/","title":{"rendered":"Z\u00fcrich: Masterplan \u00abWerkstadt Z\u00fcrich\u00bb verabschiedet"},"content":{"rendered":"<p><span>Gemeinsam mit der Stadt Z\u00fcrich und der kantonalen Denkmalpflege hat die SBB den Masterplan \u00abWerkstadt Z\u00fcrich\u00bb erarbeitet, der nun vom Stadtrat verabschiedet wurde. Der Masterplan hat zum Ziel, das 42.000 qm grosse Areal der SBB-Werkst\u00e4tten zu einem attraktiven Ort mit Dienstleistungsangeboten zu entwickeln, so die Stadt Z\u00fcrich.<span> <\/span>Dadurch soll das Areal eine grosse Anziehungskraft f\u00fcr gewerbliche und industrielle Betriebe und Start-up-Firmen erhalten.\u00a0 <\/span><\/p>\n<p><span>Weil die SBB-Hauptwerkst\u00e4tten als \u00fcberkommunales Schutzobjekt gelten, hat die kantonale Baudirektion am 11. Juni 2021 eine Schutzverordnung verf\u00fcgt. Wichtigste Bestandteile der Verordnung sind eine behutsame Weiterentwicklung der historischen Bausubstanz, die \u00f6ffentliche Nutzung der Aussenr\u00e4ume und die bauliche Verdichtung des Areals. <\/span><\/p>\n<p><span>\u00a0<\/span><\/p>\n","protected":false},"excerpt":{"rendered":"<p><span lang=\"DE-CH\" xml:lang=\"DE-CH\" xml:lang=\"DE-CH\">Der Z\u00fcrcher Stadtrat hat dem Masterplan \u00abWerkstadt Z\u00fcrich\u00bb zugestimmt. Damit soll<br \/>\ndie nachhaltige Weiterentwicklung der geschichtstr\u00e4chtigen SBB-Werkst\u00e4tten an der Hohlstrasse verbindlich gesichert werden.<\/span><\/p>\n","protected":false},"author":1,"featured_media":0,"comment_status":"closed","ping_status":"closed","sticky":false,"template":"","format":"standard","meta":{"_acf_changed":false,"footnotes":""},"categories":[5],"tags":[11,22,42],"class_list":["post-2235","post","type-post","status-publish","format-standard","hentry","category-ib","tag-in-planung","tag-industrie","tag-zh"],"acf":[],"_links":{"self":[{"href":"https:\/\/develop.immobilienbusiness.ch\/de\/wp-json\/wp\/v2\/posts\/2235","targetHints":{"allow":["GET"]}}],"collection":[{"href":"https:\/\/develop.immobilienbusiness.ch\/de\/wp-json\/wp\/v2\/posts"}],"about":[{"href":"https:\/\/develop.immobilienbusiness.ch\/de\/wp-json\/wp\/v2\/types\/post"}],"author":[{"embeddable":true,"href":"https:\/\/develop.immobilienbusiness.ch\/de\/wp-json\/wp\/v2\/users\/1"}],"replies":[{"embeddable":true,"href":"https:\/\/develop.immobilienbusiness.ch\/de\/wp-json\/wp\/v2\/comments?post=2235"}],"version-history":[{"count":0,"href":"https:\/\/develop.immobilienbusiness.ch\/de\/wp-json\/wp\/v2\/posts\/2235\/revisions"}],"wp:attachment":[{"href":"https:\/\/develop.immobilienbusiness.ch\/de\/wp-json\/wp\/v2\/media?parent=2235"}],"wp:term":[{"taxonomy":"category","embeddable":true,"href":"https:\/\/develop.immobilienbusiness.ch\/de\/wp-json\/wp\/v2\/categories?post=2235"},{"taxonomy":"post_tag","embeddable":true,"href":"https:\/\/develop.immobilienbusiness.ch\/de\/wp-json\/wp\/v2\/tags?post=2235"}],"curies":[{"name":"wp","href":"https:\/\/api.w.org\/{rel}","templated":true}]}}