{"id":2234,"date":"2021-09-03T09:45:08","date_gmt":"2021-09-03T07:45:08","guid":{"rendered":"https:\/\/develop.immobilienbusiness.ch\/de\/allgemein\/2021-09-03\/murren-tourismusprojekt-the-myrrhen-fallt-kleiner-aus\/"},"modified":"2021-09-03T09:45:08","modified_gmt":"2021-09-03T07:45:08","slug":"murren-tourismusprojekt-the-myrrhen-fallt-kleiner-aus","status":"publish","type":"post","link":"https:\/\/develop.immobilienbusiness.ch\/de\/ib\/2021-09-03\/murren-tourismusprojekt-the-myrrhen-fallt-kleiner-aus\/","title":{"rendered":"M\u00fcrren: Tourismusprojekt \u00abThe Myrrhen\u00bb f\u00e4llt kleiner aus"},"content":{"rendered":"<p><span><span><span>Die Schilthornbahn AG als Grundeigent\u00fcmerin und die Steiner AG als Projektentwicklerin haben das Projekt \u00abThe Myrrhen\u00bb redimensioniert und gegen\u00fcber der ersten Baueingabe 2014 ver\u00e4ndert: Geplant sind weiterhin vier Neubauten im Chaletstil sowie die Sanierung des bestehenden Postgeb\u00e4udes. Jedoch seien die vier Punktbauten in Bezug auf die H\u00f6he und das Volumen \u00fcberarbeitet und besser in den Kontext integriert worden, so die Projektverantwortlichen. Insbesondere das nord\u00f6stliche Haus D sei stark verkleinert worden.<\/span><\/span><\/span><\/p>\n<p><span><span><span>Insgesamt entstehen mit \u00abThe Myrrhen\u00bb 67 Ferienwohnungen (2,5 bis 5,5 Zimmer) und 210 qm Dienstleistungsfl\u00e4chen in den Erdgeschossen der Neubauten und der Alten Post. Das Investitionsvolumen liegt bei 34 Mio. CHF. Die Baueingabe ist im Fr\u00fchjahr dieses Jahres erfolgt, im Herbst 2022 soll mit ersten Arbeiten begonnen werden. Im Fr\u00fchling 2023 kann dann voraussichtlich mit dem Rohbau gestartet werden. Die Inbetriebnahme ist f\u00fcr 2025\/26 vorgesehen.<\/span><\/span><\/span><\/p>\n","protected":false},"excerpt":{"rendered":"<p><span><span><span>Das Projekt \u00abThe Myrrhen\u00bb in M\u00fcrren (BE) wurde \u00fcberarbeitet und redimensioniert. Statt den bislang geplanten 77 Ferienapartments entstehen nun 67 Einheiten.<\/span><\/span><\/span><\/p>\n","protected":false},"author":23,"featured_media":0,"comment_status":"closed","ping_status":"closed","sticky":false,"template":"","format":"standard","meta":{"_acf_changed":false,"footnotes":""},"categories":[5],"tags":[25,46,11],"class_list":["post-2234","post","type-post","status-publish","format-standard","hentry","category-ib","tag-be","tag-ferien-wohnung","tag-in-planung"],"acf":[],"_links":{"self":[{"href":"https:\/\/develop.immobilienbusiness.ch\/de\/wp-json\/wp\/v2\/posts\/2234","targetHints":{"allow":["GET"]}}],"collection":[{"href":"https:\/\/develop.immobilienbusiness.ch\/de\/wp-json\/wp\/v2\/posts"}],"about":[{"href":"https:\/\/develop.immobilienbusiness.ch\/de\/wp-json\/wp\/v2\/types\/post"}],"author":[{"embeddable":true,"href":"https:\/\/develop.immobilienbusiness.ch\/de\/wp-json\/wp\/v2\/users\/23"}],"replies":[{"embeddable":true,"href":"https:\/\/develop.immobilienbusiness.ch\/de\/wp-json\/wp\/v2\/comments?post=2234"}],"version-history":[{"count":0,"href":"https:\/\/develop.immobilienbusiness.ch\/de\/wp-json\/wp\/v2\/posts\/2234\/revisions"}],"wp:attachment":[{"href":"https:\/\/develop.immobilienbusiness.ch\/de\/wp-json\/wp\/v2\/media?parent=2234"}],"wp:term":[{"taxonomy":"category","embeddable":true,"href":"https:\/\/develop.immobilienbusiness.ch\/de\/wp-json\/wp\/v2\/categories?post=2234"},{"taxonomy":"post_tag","embeddable":true,"href":"https:\/\/develop.immobilienbusiness.ch\/de\/wp-json\/wp\/v2\/tags?post=2234"}],"curies":[{"name":"wp","href":"https:\/\/api.w.org\/{rel}","templated":true}]}}