{"id":2194,"date":"2021-08-24T10:07:08","date_gmt":"2021-08-24T08:07:08","guid":{"rendered":"https:\/\/develop.immobilienbusiness.ch\/de\/allgemein\/2021-08-24\/bern-kanton-will-raumplanungsverfahren-beschleunigen\/"},"modified":"2021-08-24T10:07:08","modified_gmt":"2021-08-24T08:07:08","slug":"bern-kanton-will-raumplanungsverfahren-beschleunigen","status":"publish","type":"post","link":"https:\/\/develop.immobilienbusiness.ch\/de\/ib\/2021-08-24\/bern-kanton-will-raumplanungsverfahren-beschleunigen\/","title":{"rendered":"Bern: Kanton will Raumplanungsverfahren beschleunigen"},"content":{"rendered":"<p><span><span><span>Ein \u00abKontaktgremium Planung\u00bb von der Direktion f\u00fcr Inneres und Justiz (DIJ) und dem Verband Bernischer Gemeinden (VBG) hat insgesamt acht Massnahmen definiert, um das Verfahren f\u00fcr kommunale Pl\u00e4ne zu verbessern. Ein Teil der Massnahmen bedingt Anpassungen der Gesetzgebung. Mit einer \u00c4nderung des Baugesetzes (BauG) und des Baubewilligungsdekrets (BewD) will der Regierungsrat nun die n\u00f6tigen Bestimmungen erlassen. Die Vernehmlassung dauert noch bis am 20. November.<\/span><\/span><\/span><\/p>\n<p><span><span><span>Unter anderem soll zu Beginn eines Planerlassverfahrens in Zukunft ein obligatorisches Startgespr\u00e4ch zwischen der Gemeinde und dem Amt f\u00fcr Gemeinden und Raumordnung (AGR) stattfinden. Dabei sollen offene Fragen und allf\u00e4llige Stolpersteine fr\u00fchzeitig gekl\u00e4rt werden. Weiter ist vorgesehen, dass die Kommission zur Pflege der Orts- und Landschaftsbilder (OLK) nicht mehr beigezogen werden muss, wenn bereits ein anerkanntes qualit\u00e4tssicherndes Verfahren durchgef\u00fchrt wurde. Diese Regelung gilt heute bereits im Baubewilligungsverfahren. <\/span><\/span><\/span><\/p>\n<p><span><span><span>Im Rahmen von Praxis\u00e4nderungen und ohne Anpassung rechtlicher Grundlagen gibt es weitere Massnahmen zur Beschleunigung des Raumplanungsverfahrens. Im Kern ist dabei vorgesehen, dass sich die Gemeinden und das AGR st\u00e4rker abstimmen und rechtliche oder planerische Fragen m\u00f6glichst fr\u00fchzeitig kl\u00e4ren. Mit einer Pr\u00e4zisierung in der Bauverordnung (BauV) wird klargestellt, dass das AGR kommunale Planungen grunds\u00e4tzlich nur auf die Rechtm\u00e4ssigkeit und die \u00dcbereinstimmung mit \u00fcbergeordneten Planungsvorgaben pr\u00fcft, w\u00e4hrend die Zweckm\u00e4ssigkeitsbeurteilung Sache der Gemeinden ist.<\/span><\/span><\/span><\/p>\n","protected":false},"excerpt":{"rendered":"<p><span><span><span>Mit einer Baugesetzrevision will der Berner Regierungsrat das Raumplanungsverfahren optimieren. Die Gemeinden sollen mehr Handlungsspielraum erhalten, und das Verfahren soll speditiver und effizienter werden.<\/span><\/span><\/span><\/p>\n","protected":false},"author":23,"featured_media":0,"comment_status":"closed","ping_status":"closed","sticky":false,"template":"","format":"standard","meta":{"_acf_changed":false,"footnotes":""},"categories":[5],"tags":[25,60,77],"class_list":["post-2194","post","type-post","status-publish","format-standard","hentry","category-ib","tag-be","tag-gesetze-urteile","tag-raumordnung-zonenplanung"],"acf":[],"_links":{"self":[{"href":"https:\/\/develop.immobilienbusiness.ch\/de\/wp-json\/wp\/v2\/posts\/2194","targetHints":{"allow":["GET"]}}],"collection":[{"href":"https:\/\/develop.immobilienbusiness.ch\/de\/wp-json\/wp\/v2\/posts"}],"about":[{"href":"https:\/\/develop.immobilienbusiness.ch\/de\/wp-json\/wp\/v2\/types\/post"}],"author":[{"embeddable":true,"href":"https:\/\/develop.immobilienbusiness.ch\/de\/wp-json\/wp\/v2\/users\/23"}],"replies":[{"embeddable":true,"href":"https:\/\/develop.immobilienbusiness.ch\/de\/wp-json\/wp\/v2\/comments?post=2194"}],"version-history":[{"count":0,"href":"https:\/\/develop.immobilienbusiness.ch\/de\/wp-json\/wp\/v2\/posts\/2194\/revisions"}],"wp:attachment":[{"href":"https:\/\/develop.immobilienbusiness.ch\/de\/wp-json\/wp\/v2\/media?parent=2194"}],"wp:term":[{"taxonomy":"category","embeddable":true,"href":"https:\/\/develop.immobilienbusiness.ch\/de\/wp-json\/wp\/v2\/categories?post=2194"},{"taxonomy":"post_tag","embeddable":true,"href":"https:\/\/develop.immobilienbusiness.ch\/de\/wp-json\/wp\/v2\/tags?post=2194"}],"curies":[{"name":"wp","href":"https:\/\/api.w.org\/{rel}","templated":true}]}}