{"id":2137,"date":"2021-08-06T09:43:57","date_gmt":"2021-08-06T07:43:57","guid":{"rendered":"https:\/\/develop.immobilienbusiness.ch\/de\/allgemein\/2021-08-06\/bern-neuer-mieter-am-theaterplatz-13\/"},"modified":"2021-08-06T09:43:57","modified_gmt":"2021-08-06T07:43:57","slug":"bern-neuer-mieter-am-theaterplatz-13","status":"publish","type":"post","link":"https:\/\/develop.immobilienbusiness.ch\/de\/ib\/2021-08-06\/bern-neuer-mieter-am-theaterplatz-13\/","title":{"rendered":"Bern: Neuer Mieter am Theaterplatz 13"},"content":{"rendered":"<p><span><span><span>Herm\u00e8s hat die Filiale am Theaterplatz Ende April dieses Jahres aufgegeben. Die Liegenschaft geh\u00f6rt der Stadt Bern, die das Westschweizer Unternehmen Elite als Nachmieterin gefunden hat. Vor kurzem hat Elite dort nun ein Verkaufslokal mit Showroom <span><span><span>f\u00fcr Boxspringbetten, Matratzen sowie weitere Schlaf- und Einrichtungs-Accessoires e<\/span><\/span><\/span><span lang=\"DE\" xml:lang=\"DE\" xml:lang=\"DE\"><span><span>r\u00f6ffnet.<\/span><\/span><\/span><\/span><\/span><\/span><\/p>\n<p><span><span><span><span lang=\"DE\" xml:lang=\"DE\" xml:lang=\"DE\"><span><span>Das Unternehmen ist derzeit auf Expansionskurs: Seit Ausbruch der Corona-Pandemie hat es <\/span><\/span><\/span>f\u00fcnf neue Standorte des Konzepts \u00abElite Gallery\u00bb er\u00f6ffnet \u2013 neben Bern auch in Genf, Crans-Montana, St. Moritz und Basel. Schweizweit gibt es nun 13 Filialen, dazu zwei im Ausland.<\/span><\/span><\/span><\/p>\n<p><span><span><span><span lang=\"DE\" xml:lang=\"DE\" xml:lang=\"DE\"><span>Nach fr\u00fcheren Angaben der Stadt Bern mietet E<\/span><\/span><span><span>lite SA zu den bisherigen Konditionen eine Fl\u00e4che von rund 350 qm, was das Erd- und Obergeschoss vollumf\u00e4nglich sowie Lagerfl\u00e4chen im ersten Untergeschoss umfasst. Der Mietvertrag<\/span><\/span><span lang=\"DE\" xml:lang=\"DE\" xml:lang=\"DE\"><span> sehe <\/span><\/span><span><span>eine Mietdauer von f\u00fcnf Jahren mit einer optionalen Verl\u00e4ngerung um weitere f\u00fcnf Jahre vor. <\/span><\/span><span lang=\"DE\" xml:lang=\"DE\" xml:lang=\"DE\"><span>Die Kosten f\u00fcr kleinere Umbauarbeiten trage die Mieterin. <\/span><\/span><span><span>Laut einem fr\u00fcheren Medienbericht liegt die Nettomiete f\u00fcr die Gesch\u00e4ftsr\u00e4ume bei 160.000 bis 170.000 CHF pro Jahr.<\/span><\/span><\/span><\/span><\/span><\/p>\n","protected":false},"excerpt":{"rendered":"<p><span><span><span>In der Alten Hauptwache am Theaterplatz in Bern, wo bisher die Filiale des Luxusg\u00fcterkonzerns Herm\u00e8s eingemietet war, hat der Bettwarenhersteller Elite ein Gesch\u00e4ft er\u00f6ffnet.<\/span><\/span><\/span><\/p>\n","protected":false},"author":23,"featured_media":0,"comment_status":"closed","ping_status":"closed","sticky":false,"template":"","format":"standard","meta":{"_acf_changed":false,"footnotes":""},"categories":[5],"tags":[25,16,40],"class_list":["post-2137","post","type-post","status-publish","format-standard","hentry","category-ib","tag-be","tag-retail","tag-vermietung"],"acf":[],"_links":{"self":[{"href":"https:\/\/develop.immobilienbusiness.ch\/de\/wp-json\/wp\/v2\/posts\/2137","targetHints":{"allow":["GET"]}}],"collection":[{"href":"https:\/\/develop.immobilienbusiness.ch\/de\/wp-json\/wp\/v2\/posts"}],"about":[{"href":"https:\/\/develop.immobilienbusiness.ch\/de\/wp-json\/wp\/v2\/types\/post"}],"author":[{"embeddable":true,"href":"https:\/\/develop.immobilienbusiness.ch\/de\/wp-json\/wp\/v2\/users\/23"}],"replies":[{"embeddable":true,"href":"https:\/\/develop.immobilienbusiness.ch\/de\/wp-json\/wp\/v2\/comments?post=2137"}],"version-history":[{"count":0,"href":"https:\/\/develop.immobilienbusiness.ch\/de\/wp-json\/wp\/v2\/posts\/2137\/revisions"}],"wp:attachment":[{"href":"https:\/\/develop.immobilienbusiness.ch\/de\/wp-json\/wp\/v2\/media?parent=2137"}],"wp:term":[{"taxonomy":"category","embeddable":true,"href":"https:\/\/develop.immobilienbusiness.ch\/de\/wp-json\/wp\/v2\/categories?post=2137"},{"taxonomy":"post_tag","embeddable":true,"href":"https:\/\/develop.immobilienbusiness.ch\/de\/wp-json\/wp\/v2\/tags?post=2137"}],"curies":[{"name":"wp","href":"https:\/\/api.w.org\/{rel}","templated":true}]}}